{"id":58614,"date":"2021-05-24T16:46:29","date_gmt":"2021-05-24T14:46:29","guid":{"rendered":"https:\/\/www.esteri.it\/sala_stampa\/archivionotizie\/comunicati\/2021\/05\/algeria-convegno-su-lotta-contro-tratta-delle-persone\/"},"modified":"2021-05-24T16:46:29","modified_gmt":"2021-05-24T14:46:29","slug":"algeria-convegno-su-lotta-contro-tratta-delle-persone","status":"publish","type":"post","link":"https:\/\/www.esteri.it\/it\/sala_stampa\/archivionotizie\/retediplomatica\/2021\/05\/algeria-convegno-su-lotta-contro-tratta-delle-persone\/","title":{"rendered":"Algeria, convegno su lotta contro tratta delle persone"},"content":{"rendered":"<p>La lotta contro la tratta delle persone \u00e8 una priorit\u00e0 per l&#8217;Italia, soprattutto alla luce dell&#8217;incidenza di questo fenomeno sull&#8217;aumento dei flussi migratori e dei legami con la criminalit\u00e0 organizzata e le organizzazioni terroriste. Lo ha detto l&#8217;Ambasciatore d&#8217;Italia ad Algeri, Giovanni Pugliese, in occasione del Convegno nazionale sui procedimenti giudiziari nei casi di tratta di persone organizzato dall&#8217;Ufficio delle Nazioni Unite contro la droga e il crimine (UNODC) in Algeria in partenariato con il Comitato nazionale per la prevenzione e la lotta contro la tratta delle persone. Il convegno, che si \u00e8 tenuto lo scorso 17 maggio, \u00e8 stato realizzato anche grazie a un contributo finanziario del Governo italiano. Presenti, fra gli altri, il Presidente del Comitato nazionale algerino, rappresentanti del Ministero della Giustizia algerino ed oltre quaranta magistrati e funzionari della Polizia algerina e della Gendarmeria nazionale.\u00a0<\/p>\n<p><img loading=\"lazy\" decoding=\"async\" src=\"https:\/\/www.esteri.it\/mae\/resource\/img\/2021\/05\/algeri.jpg\" alt=\"algeri\" style=\"display: block; margin-left: auto; margin-right: auto;\" width=\"600\" height=\"351\" \/><\/p>\n<p>Nel suo intervento, l\u2019Ambasciatore Pugliese ha ricordato l&#8217;impegno dell&#8217;Italia ad aggiornare in modo onnicomprensivo il nuovo piano d&#8217;azione nazionale per il periodo 2021-2023 ed ha, fra l\u2019altro, sottolineato che, di fronte a tale fenomeno che ha evidentemente un carattere transnazionale, una rafforzata collaborazione internazionale, soprattutto nel comune bacino del mar Mediterraneo, sia oggi imprescindibile. \u201cL&#8217;intuizione fondamentale &#8211; ha aggiunto Giovanni Pugliese &#8211; che noi tutti dobbiamo al giudice Giovanni Falcone \u00e8 la necessit\u00e0 di disporre di strumenti transnazionali efficaci di cooperazione giudiziaria e tra polizie. \u00c8 proprio grazie alla Convenzione di Palermo, di cui l&#8217;anno scorso il mondo intero ha celebrato il ventesimo anniversario, e ai suoi Protocolli addizionali, che oggi nessuno Stato pi\u00f9 nel mondo si trova da solo a condurre un&#8217;azione di contrasto contro un fenomeno che, per sua stessa natura, travalica i confini nazionali\u201d.\u00a0<\/p>\n<p>\u00a0<\/p>\n<p><img loading=\"lazy\" decoding=\"async\" src=\"https:\/\/www.esteri.it\/mae\/resource\/img\/2021\/05\/algeri_3.jpg\" alt=\"algeri 3\" style=\"display: block; margin-left: auto; margin-right: auto;\" width=\"600\" height=\"290\" \/><\/p>\n<p>\u00a0<\/p>\n<p>L&#8217;Ambasciatore ha concluso l&#8217;intervento evidenziando che lo scambio di esperienze tra magistrati sar\u00e0 tanto pi\u00f9 utile e reciprocamente vantaggioso alla luce delle sfide complesse, non solo di taglio giuridico, che il fenomeno dell&#8217;immigrazione e della tratta di esseri umani pongono quotidianamente. Sfide che si distinguono non solo per il loro impatto sociale ed economico, ma anche e soprattutto per la natura degli interessi protetti in gioco, a partire proprio dal rispetto dei diritti umani e della dignit\u00e0 delle persone, specialmente quelle pi\u00f9 vulnerabili come le donne e i minori. \u00a0<\/p>\n","protected":false},"excerpt":{"rendered":"La lotta contro la tratta delle persone \u00e8 una priorit\u00e0 per l&#8217;Italia, soprattutto alla luce dell&#8217;incidenza di questo fenomeno sull&#8217;aumento dei flussi migratori e dei legami con la criminalit\u00e0 organizzata e le organizzazioni terroriste. Lo ha detto l&#8217;Ambasciatore d&#8217;Italia ad Algeri, Giovanni Pugliese, in occasione del Convegno nazionale sui procedimenti giudiziari nei casi di tratta [&hellip;]","protected":false},"author":1,"featured_media":0,"comment_status":"","ping_status":"","sticky":false,"template":"","format":"standard","meta":{"footnotes":""},"categories":[20],"tags":[43,6],"class_list":["post-58614","post","type-post","status-publish","format-standard","hentry","category-retediplomatica","tag-diritti-umani","tag-mediterraneo-e-medio-oriente"],"_links":{"self":[{"href":"https:\/\/www.esteri.it\/it\/wp-json\/wp\/v2\/posts\/58614","targetHints":{"allow":["GET"]}}],"collection":[{"href":"https:\/\/www.esteri.it\/it\/wp-json\/wp\/v2\/posts"}],"about":[{"href":"https:\/\/www.esteri.it\/it\/wp-json\/wp\/v2\/types\/post"}],"author":[{"embeddable":true,"href":"https:\/\/www.esteri.it\/it\/wp-json\/wp\/v2\/users\/1"}],"replies":[{"embeddable":true,"href":"https:\/\/www.esteri.it\/it\/wp-json\/wp\/v2\/comments?post=58614"}],"version-history":[{"count":0,"href":"https:\/\/www.esteri.it\/it\/wp-json\/wp\/v2\/posts\/58614\/revisions"}],"wp:attachment":[{"href":"https:\/\/www.esteri.it\/it\/wp-json\/wp\/v2\/media?parent=58614"}],"wp:term":[{"taxonomy":"category","embeddable":true,"href":"https:\/\/www.esteri.it\/it\/wp-json\/wp\/v2\/categories?post=58614"},{"taxonomy":"post_tag","embeddable":true,"href":"https:\/\/www.esteri.it\/it\/wp-json\/wp\/v2\/tags?post=58614"}],"curies":[{"name":"wp","href":"https:\/\/api.w.org\/{rel}","templated":true}]}}