{"id":58616,"date":"2021-05-24T13:54:56","date_gmt":"2021-05-24T11:54:56","guid":{"rendered":"https:\/\/www.esteri.it\/sala_stampa\/archivionotizie\/comunicati\/2021\/05\/spedizione-polarquest-2018-parigi-fra-scienza-e-storia\/"},"modified":"2021-05-24T13:54:56","modified_gmt":"2021-05-24T11:54:56","slug":"spedizione-polarquest-2018-parigi-fra-scienza-e-storia","status":"publish","type":"post","link":"https:\/\/www.esteri.it\/it\/sala_stampa\/archivionotizie\/retediplomatica\/2021\/05\/spedizione-polarquest-2018-parigi-fra-scienza-e-storia\/","title":{"rendered":"Spedizione &#8216;Polarquest 2018&#8217;, Parigi fra scienza e storia"},"content":{"rendered":"<p>Il racconto sulla fine del dirigibile \u201cItalia\u201d, precipitato il 25 maggio 1928 nel viaggio di ritorno dal Polo Nord, \u00e8 oggetto di un documentario, \u2018Polarquest 2018\u2019, che sar\u00e0 proiettato all\u2019Istituto Italiano di Cultura di Parigi gioved\u00ec 27 maggio alle ore 18:00 in un evento organizzato in collaborazione con la SISSA Alumni Society, R\u00e9CIF &#8211; R\u00e9seau des Chercheurs Italiens en France e Luca Biferale, addetto scientifico dell&#8217;Ambasciata d&#8217;Italia a Parigi.\u00a0<\/p>\n<p>Il dirigibile precipit\u00f2 sui ghiacciai a 120 km a nord-est delle isole norvegesi Svalbard: ne segu\u00ec un&#8217;operazione di salvataggio internazionale di proporzioni mai viste prima, che permise di salvare otto membri della spedizione, tra cui il capo, Umberto Nobile. Mentre i sopravvissuti furono in grado di conservare parte dell&#8217;equipaggiamento portato a bordo, il relitto del dirigibile non fu mai trovato.\u00a0<\/p>\n<p><img loading=\"lazy\" decoding=\"async\" src=\"https:\/\/www.esteri.it\/mae\/resource\/img\/2021\/05\/iic_parigi_appro.jpg\" width=\"750\" height=\"421\" alt=\"iic parigi appro\" style=\"display: block; margin-left: auto; margin-right: auto;\" \/><\/p>\n<p>\u00a0<\/p>\n<p>Novant&#8217;anni dopo,\u00a0Paola Catapano\u00a0organizza la spedizione Polarquest 2018 con l&#8217;obiettivo di trovare i resti dell'&#8221;Italia&#8221;. Con lei e lo skipper Peter Gallinelli imbarca un equipaggio eterogeneo di ricercatori e cittadini che approfitter\u00e0 del passaggio di questa spedizione artica a latitudini molto alte, sopra i 78\u00b0, per realizzare misure ed esperimenti scientifici senza precedenti. Questa avventura umana e scientifica \u00e8 stata raccontata da\u00a0Doroth\u00e9e Adam-Mazard\u00a0nel documentario \u2018Polarquest 2018\u2019 (Francia, 2018, 52&#8242;).\u00a0<\/p>\n<p>Dopo la proiezione di quest\u2019ultimo, \u00e8 in programma un confronto sugli aspetti scientifici e umani della spedizione: presente la regista, il capo spedizione Paola Catapano e la fisica \u00a0Ombretta Pinazza.\u00a0<\/p>\n<p>Per effettuare la prenotazione all\u2019evento <a href=\"https:\/\/iicparigi.esteri.it\/iic_parigi\/it\/gli_eventi\/calendario\/2021\/05\/polarquest-2018.html?modulo=1\">cliccare qui<\/a><\/p>\n","protected":false},"excerpt":{"rendered":"Il racconto sulla fine del dirigibile \u201cItalia\u201d, precipitato il 25 maggio 1928 nel viaggio di ritorno dal Polo Nord, \u00e8 oggetto di un documentario, \u2018Polarquest 2018\u2019, che sar\u00e0 proiettato all\u2019Istituto Italiano di Cultura di Parigi gioved\u00ec 27 maggio alle ore 18:00 in un evento organizzato in collaborazione con la SISSA Alumni Society, R\u00e9CIF &#8211; R\u00e9seau [&hellip;]","protected":false},"author":1,"featured_media":0,"comment_status":"","ping_status":"","sticky":false,"template":"","format":"standard","meta":{"footnotes":""},"categories":[20],"tags":[32,35,9],"class_list":["post-58616","post","type-post","status-publish","format-standard","hentry","category-retediplomatica","tag-diplomazia-culturale","tag-diplomazia-scientifica","tag-europa"],"_links":{"self":[{"href":"https:\/\/www.esteri.it\/it\/wp-json\/wp\/v2\/posts\/58616","targetHints":{"allow":["GET"]}}],"collection":[{"href":"https:\/\/www.esteri.it\/it\/wp-json\/wp\/v2\/posts"}],"about":[{"href":"https:\/\/www.esteri.it\/it\/wp-json\/wp\/v2\/types\/post"}],"author":[{"embeddable":true,"href":"https:\/\/www.esteri.it\/it\/wp-json\/wp\/v2\/users\/1"}],"replies":[{"embeddable":true,"href":"https:\/\/www.esteri.it\/it\/wp-json\/wp\/v2\/comments?post=58616"}],"version-history":[{"count":0,"href":"https:\/\/www.esteri.it\/it\/wp-json\/wp\/v2\/posts\/58616\/revisions"}],"wp:attachment":[{"href":"https:\/\/www.esteri.it\/it\/wp-json\/wp\/v2\/media?parent=58616"}],"wp:term":[{"taxonomy":"category","embeddable":true,"href":"https:\/\/www.esteri.it\/it\/wp-json\/wp\/v2\/categories?post=58616"},{"taxonomy":"post_tag","embeddable":true,"href":"https:\/\/www.esteri.it\/it\/wp-json\/wp\/v2\/tags?post=58616"}],"curies":[{"name":"wp","href":"https:\/\/api.w.org\/{rel}","templated":true}]}}