{"id":58628,"date":"2021-05-18T17:44:49","date_gmt":"2021-05-18T15:44:49","guid":{"rendered":"https:\/\/www.esteri.it\/sala_stampa\/archivionotizie\/comunicati\/2021\/05\/perche-uk-italia-e-brasile-si-sono-uniti-per-il-clima\/"},"modified":"2021-05-18T17:44:49","modified_gmt":"2021-05-18T15:44:49","slug":"perche-uk-italia-e-brasile-si-sono-uniti-per-il-clima","status":"publish","type":"post","link":"https:\/\/www.esteri.it\/it\/sala_stampa\/archivionotizie\/retediplomatica\/2021\/05\/perche-uk-italia-e-brasile-si-sono-uniti-per-il-clima\/","title":{"rendered":"Perch\u00e9 Uk, Italia e Brasile si sono uniti per il clima"},"content":{"rendered":"<p><strong><i>Una riflessione a sei mesi dalla COP26 di Glasgow<\/i><\/strong><strong><i><\/i><\/strong><\/p>\n<p>Regno Unito, Italia e Brasile condividono alcune passioni. La prima, e la pi\u00f9 ovvia, \u00e8 il calcio: insieme, i tre paesi sommano dieci Coppe del mondo e una ricca storia di influenze condivise.<\/p>\n<p>C&#8217;\u00e8 per\u00f2 una seconda passione che, bench\u00e9 meno conosciuta, mostra i nostri valori: l&#8217;ammirazione per la natura e l&#8217;urgenza di conservarla. Alcuni dei principali ritratti delle bellezze naturali brasiliane, ad esempio, sono stati realizzati da un artista britannico, Henry Chamberlain, e da un italiano, Nicola Antonio Facchinetti. Le loro opere possono essere ammirate al MASP di San Paolo.<\/p>\n<p>Questa passione, tuttavia, non si limita alla contemplazione. Nel 2021, anno cruciale nella lotta al cambiamento climatico, la leadership climatica \u00e8 un ulteriore punto in comune tra i nostri paesi.<\/p>\n<p>Condividiamo la presidenza della Conferenza delle Nazioni Unite sui cambiamenti climatici (COP26), che si terr\u00e0 in novembre a Glasgow. In ottobre, l&#8217;Italia ospiter\u00e0 due eventi preparatori a Milano: Youth for Climate, che riunir\u00e0 circa 400 giovani da tutto il mondo, e la Pre-COP, l&#8217;incontro finale dei Paesi in preparazione alla COP26.<\/p>\n<p>La comunit\u00e1 internazionale conta sulla partecipazione e sulla leadership costruttiva del Brasile, in particolare alla luce degli impegni assunti in occasione del Vertice dei Leaders convocato dal Presidente Biden il mese scorso. Speriamo che tale partecipazione sia all\u2019altezza del ruolo e delle responsabilit\u00e1, presenti e future, di un paese che ha tutte le potenzialit\u00e1 per essere protagonista attivo ed ambizioso dell\u2019azione climatica internazionale.<\/p>\n<p>Ma fino ad allora, c\u2019\u00e8 ancora molto da fare. In qualit\u00e0 di Presidenti del G7 e del G20, che si svolgono in giugno nel Regno Unito, e in ottobre in Italia, porremo il clima al centro dell&#8217;agenda globale. Useremo le nostre posizioni strategiche per stimolare una ripresa economica resiliente, che generi occupazione e includa i pi\u00f9 vulnerabili.<\/p>\n<p>Fino a Glasgow, come annunciato dal presidente designato della COP26 Alok Sharma, concentreremo i nostri sforzi con i paesi, gli attori subnazionali, il settore privato e la societ\u00e0 civile &#8211; in Brasile e nel mondo &#8211; su quattro obiettivi: 1) stimolare gli impegni globali ad azzerare le emissioni; 2) adattarsi con urgenza per proteggere le comunit\u00e0 e gli habitat naturali; 3) mobilizzare finanziamenti e facilitare flussi di investimento e 4) cooperare per accelerare le azioni e la messa in opera nel mondo reale.<\/p>\n<p>Sappiamo che non \u00e8 un compito facile. Se vogliamo frenare l\u2019impatto nefasto del cambiamento climatico e limitare l&#8217;aumento della temperatura a 1,5 \u00b0 C, avremo bisogno di politiche ambiziose e azioni coraggiose. Siamo entusiasti del crescente impegno di Governi e imprese ad azzerare le emissioni entro il 2050. Leadership ispiratrici e volont\u00e0 politica saranno decisive e avremo bisogno dell\u2019adesione di tutti.<\/p>\n<p>Siamo fortemente convinti che il Brasile \u00e9 stato, \u00e9 e continuer\u00e0 ad essere parte fondamentale della soluzione. Vogliamo continuare a lavorare per garantire che il Paese giochi un ruolo di rilievo, attraverso l&#8217;attuazione degli impegni gi\u00e0 annunciati, tra cui la fine della deforestazione illegale entro il 2030 e la neutralit\u00e0 carbonica entro la met\u00e0 del secolo. Gli investitori e il settore privato hanno indicato le opportunit\u00e0 finanziarie a cui il Paese avr\u00e1 accesso progredendo con questa agenda, anche attraverso nuove forme di partenariato tra settori pubblico e privato.<\/p>\n<p>La COP26 non riguarder\u00e0 soltanto i negoziati. In qualit\u00e0 di ospiti, vogliamo concentrarci su azioni concrete e sull&#8217;attuazione dell&#8217;accordo di Parigi. Lo possiamo fare! \u00c8 fondamentale lavorare insieme nei prossimi mesi e arrivare a Glasgow ben preparati per fare quella differenza che le persone in Brasile e in tutto il mondo si aspettano da noi.<\/p>\n<p>Dopotutto, vogliamo che i campi di calcio restino verdi per i nostri atleti. E vogliamo che altri artisti possano continuare a trovare nella natura una feconda fonte di ispirazione.<\/p>\n<p><i>Peter Wilson, Ambasciatore del Regno Unito in Brasile<\/i><\/p>\n<p><i>Francesco Azzarello, Ambasciatore d&#8217;Italia in Brasile<\/i><\/p>\n<p>Articolo pubblicato in data 18 maggio sul quotidiano \u201cO Estado de S\u00e3o Paulo\u201d<\/p>\n","protected":false},"excerpt":{"rendered":"Una riflessione a sei mesi dalla COP26 di Glasgow Regno Unito, Italia e Brasile condividono alcune passioni. La prima, e la pi\u00f9 ovvia, \u00e8 il calcio: insieme, i tre paesi sommano dieci Coppe del mondo e una ricca storia di influenze condivise. C&#8217;\u00e8 per\u00f2 una seconda passione che, bench\u00e9 meno conosciuta, mostra i nostri valori: [&hellip;]","protected":false},"author":1,"featured_media":0,"comment_status":"","ping_status":"","sticky":false,"template":"","format":"standard","meta":{"footnotes":""},"categories":[20],"tags":[398,44,9],"class_list":["post-58628","post","type-post","status-publish","format-standard","hentry","category-retediplomatica","tag-america-latina-e-caraibi","tag-energia-ambiente","tag-europa"],"_links":{"self":[{"href":"https:\/\/www.esteri.it\/it\/wp-json\/wp\/v2\/posts\/58628","targetHints":{"allow":["GET"]}}],"collection":[{"href":"https:\/\/www.esteri.it\/it\/wp-json\/wp\/v2\/posts"}],"about":[{"href":"https:\/\/www.esteri.it\/it\/wp-json\/wp\/v2\/types\/post"}],"author":[{"embeddable":true,"href":"https:\/\/www.esteri.it\/it\/wp-json\/wp\/v2\/users\/1"}],"replies":[{"embeddable":true,"href":"https:\/\/www.esteri.it\/it\/wp-json\/wp\/v2\/comments?post=58628"}],"version-history":[{"count":0,"href":"https:\/\/www.esteri.it\/it\/wp-json\/wp\/v2\/posts\/58628\/revisions"}],"wp:attachment":[{"href":"https:\/\/www.esteri.it\/it\/wp-json\/wp\/v2\/media?parent=58628"}],"wp:term":[{"taxonomy":"category","embeddable":true,"href":"https:\/\/www.esteri.it\/it\/wp-json\/wp\/v2\/categories?post=58628"},{"taxonomy":"post_tag","embeddable":true,"href":"https:\/\/www.esteri.it\/it\/wp-json\/wp\/v2\/tags?post=58628"}],"curies":[{"name":"wp","href":"https:\/\/api.w.org\/{rel}","templated":true}]}}