{"id":58630,"date":"2021-05-18T12:18:29","date_gmt":"2021-05-18T10:18:29","guid":{"rendered":"https:\/\/www.esteri.it\/sala_stampa\/archivionotizie\/comunicati\/2021\/05\/praga-tre-giorni-per-conoscere-la-cultura-sarda\/"},"modified":"2021-05-18T12:18:29","modified_gmt":"2021-05-18T10:18:29","slug":"praga-tre-giorni-per-conoscere-la-cultura-sarda","status":"publish","type":"post","link":"https:\/\/www.esteri.it\/it\/sala_stampa\/archivionotizie\/retediplomatica\/2021\/05\/praga-tre-giorni-per-conoscere-la-cultura-sarda\/","title":{"rendered":"Praga: tre giorni per conoscere la cultura Sarda"},"content":{"rendered":"<p>L\u2019Istituto Italiano di Cultura di Praga propone una tre giorni di eventi dedicati al rapporto tra la letteratura sarda e il cinema. Nell\u2019ambito del progetto \u201cSardegna. L\u2019isola delle meraviglie\u201d, finalizzato alla scoperta del patrimonio culturale e paesaggistico della Sardegna, l\u2019iniziativa \u00e8 partita con la visione del film &#8220;Padre padrone&#8221; di Paolo e Vittorio Taviani, in versione originale con sottotitoli in ceco e in inglese.<\/p>\n<p>Oggi, dalle ore 18.00 alle 22.00, sar\u00e0 la volta del documentario <a href=\"https:\/\/www.mymovies.it\/ondemand\/sguardi-autore-sardegna\/movie\/7491-dalla-quercia-alla-palma-i-40-anni-di-padre-padrone\/\">&#8220;Dalla quercia alla palma: 40 anni di Padre padrone&#8221;<\/a>\u00a0di\u00a0 Sergio Naitza,\u00a0 una produzione del 2017 che raccoglie ricordi, curiosit\u00e0 e aneddoti sul celebre film attraverso la testimonianza dei registi e dei protagonisti della pellicola.<\/p>\n<p>Il programma si conclude domani\u00a0\u00a0alle ore 18.00, con la conferenza web &#8220;La letteratura sarda e il cinema&#8221;, che vedr\u00e0 la partecipazione di Alice Flemrov\u00e1 (Universit\u00e0 Carlo IV di Praga), Sergio Naitza (regista e giornalista), Salvatore Mereu (regista), Alessandro Marini (Universit\u00e0 Palack\u00fd di Olomouc) e Maria Bonaria Urban (Universit\u00e0 di Amsterdam); l\u2019incontro si terr\u00e0 in italiano con traduzione simultanea in ceco sulla piattaforma <a href=\"https:\/\/zoom.us\/webinar\/register\/WN_sFdSNMGoRIOXI5VKIsec8g\">Zoom<\/a>. Al centro del confronto l\u2019assunto secondo cui l\u2019interazione tra la letteratura sarda e il cinema italiano degli ultimi decenni moltiplica i punti di vista e le piste narrative, rifugge dal luogo comune e disegna un aspetto variegato della cultura sarda. Il progetto ha il patrocinio della Regione Autonoma della Sardegna \u00a0in collaborazione con l\u2019ENIT \u2013 Ente Nazionale Italiano per il Turismo e CAMIC \u2013 Camera di Commercio e dell\u2019Industria Italo-Ceca.<\/p>\n<p>\u00a0<\/p>\n<p><img decoding=\"async\" src=\"https:\/\/www.esteri.it\/mae\/resource\/img\/2021\/05\/sardegna_appro.jpg\" alt=\"sardegna appro\" style=\"display: block; margin-left: auto; margin-right: auto;\" \/><\/p>\n","protected":false},"excerpt":{"rendered":"L\u2019Istituto Italiano di Cultura di Praga propone una tre giorni di eventi dedicati al rapporto tra la letteratura sarda e il cinema. Nell\u2019ambito del progetto \u201cSardegna. L\u2019isola delle meraviglie\u201d, finalizzato alla scoperta del patrimonio culturale e paesaggistico della Sardegna, l\u2019iniziativa \u00e8 partita con la visione del film &#8220;Padre padrone&#8221; di Paolo e Vittorio Taviani, in [&hellip;]","protected":false},"author":1,"featured_media":0,"comment_status":"","ping_status":"","sticky":false,"template":"","format":"standard","meta":{"footnotes":""},"categories":[20],"tags":[32,9],"class_list":["post-58630","post","type-post","status-publish","format-standard","hentry","category-retediplomatica","tag-diplomazia-culturale","tag-europa"],"_links":{"self":[{"href":"https:\/\/www.esteri.it\/it\/wp-json\/wp\/v2\/posts\/58630","targetHints":{"allow":["GET"]}}],"collection":[{"href":"https:\/\/www.esteri.it\/it\/wp-json\/wp\/v2\/posts"}],"about":[{"href":"https:\/\/www.esteri.it\/it\/wp-json\/wp\/v2\/types\/post"}],"author":[{"embeddable":true,"href":"https:\/\/www.esteri.it\/it\/wp-json\/wp\/v2\/users\/1"}],"replies":[{"embeddable":true,"href":"https:\/\/www.esteri.it\/it\/wp-json\/wp\/v2\/comments?post=58630"}],"version-history":[{"count":0,"href":"https:\/\/www.esteri.it\/it\/wp-json\/wp\/v2\/posts\/58630\/revisions"}],"wp:attachment":[{"href":"https:\/\/www.esteri.it\/it\/wp-json\/wp\/v2\/media?parent=58630"}],"wp:term":[{"taxonomy":"category","embeddable":true,"href":"https:\/\/www.esteri.it\/it\/wp-json\/wp\/v2\/categories?post=58630"},{"taxonomy":"post_tag","embeddable":true,"href":"https:\/\/www.esteri.it\/it\/wp-json\/wp\/v2\/tags?post=58630"}],"curies":[{"name":"wp","href":"https:\/\/api.w.org\/{rel}","templated":true}]}}