{"id":58634,"date":"2021-05-17T12:34:54","date_gmt":"2021-05-17T10:34:54","guid":{"rendered":"https:\/\/www.esteri.it\/sala_stampa\/archivionotizie\/comunicati\/2021\/05\/algeria-la-presentazione-di-1994-di-adlene-meddi\/"},"modified":"2021-05-17T12:34:54","modified_gmt":"2021-05-17T10:34:54","slug":"algeria-la-presentazione-di-1994-di-adlene-meddi","status":"publish","type":"post","link":"https:\/\/www.esteri.it\/it\/sala_stampa\/archivionotizie\/retediplomatica\/2021\/05\/algeria-la-presentazione-di-1994-di-adlene-meddi\/","title":{"rendered":"Algeria, la presentazione di \u201c1994\u201d di Adl\u00e8ne Meddi"},"content":{"rendered":"<p>L&#8217;Ambasciata d\u2019Italia e\u00a0l\u2019Istituto Italiano di Cultura di Algeri,\u00a0\u00a0in collaborazione con la casa editrice di Torino <i>Hopefulmonster<\/i>,\u00a0organizzano la presentazione dell&#8217;edizione italiana del romanzo poliziesco\u00a0<i>1994,<\/i>\u00a0dello scrittore algerino Adl\u00e8ne Meddi.\u00a0<\/p>\n<p>L&#8217;evento online si terr\u00e0 mercoled\u00ec 19 maggio alle 18: sar\u00e0 l&#8217;Ambasciatore d&#8217;Italia ad Algeri, Giovanni Pugliese, ad introdurre il\u00a0libro, che\u00a0esplora il drammatico \u201cdecennio nero\u201d del terrorismo in Algeria attraverso le vicende romanzate di due diverse generazioni, intrecciando legami personali e familiari con una vividissima descrizione di Algeri e interrogativi sul senso di un passato doloroso e ancora ben impresso nella memoria del Paese.\u00a0Poi,\u00a0la scrittrice e giornalista Paola Caridi moderer\u00e0 il dialogo tra Francesca Paci &#8211; docente, scrittrice e giornalista de <i>La Stampa<\/i> -,\u00a0l\u2019autore Adl\u00e8ne Meddi e Sofiane Hadjadj, co-fondatore e direttore della casa editrice algerina <i>Barzakh<\/i>.<\/p>\n<p>\u00a0L\u2019evento sar\u00e0 trasmesso sui canali Facebook e <a href=\"https:\/\/www.youtube.com\/channel\/UCQMa_efjkW4mwNyTL2etaCA\">YouTube di <i>Hopefulmonster <\/i><\/a>e sui canali social dell\u2019Ambasciata d\u2019Italia ad Algeri.<\/p>\n<p>\u00a0<\/p>\n<p><img loading=\"lazy\" decoding=\"async\" src=\"https:\/\/www.esteri.it\/mae\/resource\/img\/2021\/05\/1994_algeri_appro.jpg\" width=\"750\" height=\"442\" alt=\"1994 algeri appro\" style=\"display: block; margin-left: auto; margin-right: auto;\" \/><\/p>\n","protected":false},"excerpt":{"rendered":"L&#8217;Ambasciata d\u2019Italia e\u00a0l\u2019Istituto Italiano di Cultura di Algeri,\u00a0\u00a0in collaborazione con la casa editrice di Torino Hopefulmonster,\u00a0organizzano la presentazione dell&#8217;edizione italiana del romanzo poliziesco\u00a01994,\u00a0dello scrittore algerino Adl\u00e8ne Meddi.\u00a0 L&#8217;evento online si terr\u00e0 mercoled\u00ec 19 maggio alle 18: sar\u00e0 l&#8217;Ambasciatore d&#8217;Italia ad Algeri, Giovanni Pugliese, ad introdurre il\u00a0libro, che\u00a0esplora il drammatico \u201cdecennio nero\u201d del terrorismo in Algeria [&hellip;]","protected":false},"author":1,"featured_media":0,"comment_status":"","ping_status":"","sticky":false,"template":"","format":"standard","meta":{"footnotes":""},"categories":[20],"tags":[32,6],"class_list":["post-58634","post","type-post","status-publish","format-standard","hentry","category-retediplomatica","tag-diplomazia-culturale","tag-mediterraneo-e-medio-oriente"],"_links":{"self":[{"href":"https:\/\/www.esteri.it\/it\/wp-json\/wp\/v2\/posts\/58634","targetHints":{"allow":["GET"]}}],"collection":[{"href":"https:\/\/www.esteri.it\/it\/wp-json\/wp\/v2\/posts"}],"about":[{"href":"https:\/\/www.esteri.it\/it\/wp-json\/wp\/v2\/types\/post"}],"author":[{"embeddable":true,"href":"https:\/\/www.esteri.it\/it\/wp-json\/wp\/v2\/users\/1"}],"replies":[{"embeddable":true,"href":"https:\/\/www.esteri.it\/it\/wp-json\/wp\/v2\/comments?post=58634"}],"version-history":[{"count":0,"href":"https:\/\/www.esteri.it\/it\/wp-json\/wp\/v2\/posts\/58634\/revisions"}],"wp:attachment":[{"href":"https:\/\/www.esteri.it\/it\/wp-json\/wp\/v2\/media?parent=58634"}],"wp:term":[{"taxonomy":"category","embeddable":true,"href":"https:\/\/www.esteri.it\/it\/wp-json\/wp\/v2\/categories?post=58634"},{"taxonomy":"post_tag","embeddable":true,"href":"https:\/\/www.esteri.it\/it\/wp-json\/wp\/v2\/tags?post=58634"}],"curies":[{"name":"wp","href":"https:\/\/api.w.org\/{rel}","templated":true}]}}