{"id":58659,"date":"2021-05-03T12:33:31","date_gmt":"2021-05-03T10:33:31","guid":{"rendered":"https:\/\/www.esteri.it\/sala_stampa\/archivionotizie\/comunicati\/2021\/05\/toronto-la-mostra-fotografica-virtuale-di-cindi-emond\/"},"modified":"2021-05-03T12:33:31","modified_gmt":"2021-05-03T10:33:31","slug":"toronto-la-mostra-fotografica-virtuale-di-cindi-emond","status":"publish","type":"post","link":"https:\/\/www.esteri.it\/it\/sala_stampa\/archivionotizie\/retediplomatica\/2021\/05\/toronto-la-mostra-fotografica-virtuale-di-cindi-emond\/","title":{"rendered":"Toronto, la mostra fotografica virtuale di Cindi Emond"},"content":{"rendered":"<p>L&#8217;artista italo-canadese Cindi Emond partecipa, grazie al sostegno dell\u2019Istituto Italiano di Cultura di Toronto, all&#8217;edizione 2021 dello Scotiabank Contact Photography Festival.<\/p>\n<p>La sua rassegna di fotografie, intitolata\u00a0<i>Per tutti i \u2018ti amo\u2019 che ci siamo dimenticati di dire<\/i>, \u00e8 ambientata in Abruzzo, nel villaggio abbandonato di Frattura Vecchia, devastato da un terremoto nel 1915. Le immagini documentano come le storie di migrazioni per sfuggire alla povert\u00e0 e alle difficolt\u00e0 nell&#8217;Italia centrale e meridionale siano ancora oggi profondamente sentite. L\u2019opera dell\u2019artista si concentra sulla resilienza delle comunit\u00e0 rurali remote che affrontano condizioni difficili, sulle avversit\u00e0 e la complessit\u00e0 del rapporto con la terra, ma analizza anche la persistenza delle tradizioni culturali e l&#8217;identit\u00e0 nazionale.<\/p>\n<p>\u00a0<\/p>\n<p align=\"center\"><img loading=\"lazy\" decoding=\"async\" src=\"https:\/\/www.esteri.it\/mae\/resource\/img\/2021\/05\/toronto_cindi_appro.jpg\" width=\"600\" height=\"361\" alt=\"toronto cindi appro\" style=\"display: block; margin-left: auto; margin-right: auto;\" \/><\/p>\n<p>\u00a0<\/p>\n<p>La fotografa Cindi Emond, originaria di Montreal, \u00e8 conosciuta per i suoi ritratti drammatici di persone, paesaggi urbani e paesaggi agricoli. Ha viaggiato in Europa e in Asia, sempre alla ricerca di soggetti non convenzionali, creando lavori dalla narrazione vivida. La sua opera \u00e8 stata influenzata dalla fotografia di strada di Henri Cartier-Bresson, Robert Frank e Vivian Maier e dal lavoro di Geoffrey James.<\/p>\n<p>Per visitare la mostra virtuale cliccare\u00a0<a href=\"https:\/\/www.cindiemondcontact2021.com\/\">qui.<\/a>\u00a0<\/p>\n","protected":false},"excerpt":{"rendered":"L&#8217;artista italo-canadese Cindi Emond partecipa, grazie al sostegno dell\u2019Istituto Italiano di Cultura di Toronto, all&#8217;edizione 2021 dello Scotiabank Contact Photography Festival. La sua rassegna di fotografie, intitolata\u00a0Per tutti i \u2018ti amo\u2019 che ci siamo dimenticati di dire, \u00e8 ambientata in Abruzzo, nel villaggio abbandonato di Frattura Vecchia, devastato da un terremoto nel 1915. Le immagini [&hellip;]","protected":false},"author":1,"featured_media":0,"comment_status":"","ping_status":"","sticky":false,"template":"","format":"standard","meta":{"footnotes":""},"categories":[20],"tags":[397,32],"class_list":["post-58659","post","type-post","status-publish","format-standard","hentry","category-retediplomatica","tag-america-settentrionale","tag-diplomazia-culturale"],"_links":{"self":[{"href":"https:\/\/www.esteri.it\/it\/wp-json\/wp\/v2\/posts\/58659","targetHints":{"allow":["GET"]}}],"collection":[{"href":"https:\/\/www.esteri.it\/it\/wp-json\/wp\/v2\/posts"}],"about":[{"href":"https:\/\/www.esteri.it\/it\/wp-json\/wp\/v2\/types\/post"}],"author":[{"embeddable":true,"href":"https:\/\/www.esteri.it\/it\/wp-json\/wp\/v2\/users\/1"}],"replies":[{"embeddable":true,"href":"https:\/\/www.esteri.it\/it\/wp-json\/wp\/v2\/comments?post=58659"}],"version-history":[{"count":0,"href":"https:\/\/www.esteri.it\/it\/wp-json\/wp\/v2\/posts\/58659\/revisions"}],"wp:attachment":[{"href":"https:\/\/www.esteri.it\/it\/wp-json\/wp\/v2\/media?parent=58659"}],"wp:term":[{"taxonomy":"category","embeddable":true,"href":"https:\/\/www.esteri.it\/it\/wp-json\/wp\/v2\/categories?post=58659"},{"taxonomy":"post_tag","embeddable":true,"href":"https:\/\/www.esteri.it\/it\/wp-json\/wp\/v2\/tags?post=58659"}],"curies":[{"name":"wp","href":"https:\/\/api.w.org\/{rel}","templated":true}]}}