{"id":58679,"date":"2021-04-23T13:08:48","date_gmt":"2021-04-23T11:08:48","guid":{"rendered":"https:\/\/www.esteri.it\/sala_stampa\/archivionotizie\/comunicati\/2021\/04\/lisbona-in-mostra-progetti-per-l-abitare-contemporaneo\/"},"modified":"2021-04-23T13:08:48","modified_gmt":"2021-04-23T11:08:48","slug":"lisbona-in-mostra-progetti-per-l-abitare-contemporaneo","status":"publish","type":"post","link":"https:\/\/www.esteri.it\/it\/sala_stampa\/archivionotizie\/retediplomatica\/2021\/04\/lisbona-in-mostra-progetti-per-l-abitare-contemporaneo\/","title":{"rendered":"Lisbona: in mostra progetti per l&#8217;abitare contemporaneo"},"content":{"rendered":"<p>Si \u00e8 aperta il 16 aprile, alla presenza della Ministra portoghese della Cultura, Gra\u00e7a Fonseca, e dell\u2019Ambasciatore d\u2019Italia a Lisbona, Carlo Formosa, l\u2019esposizione &#8220;Em Casa. Projetos para Habita\u00e7\u00e3o Contempor\u00e2nea&#8221; (\u201cAt Home. Progetti per l\u2019abitare contemporaneo\u201d), organizzata dal Centro Cultural di Bel\u00e9m presso lo spazio Garagem Sul, in collaborazione con il MAXXI, Museo Nazionale delle Arti del XXI secolo, con il sostegno dell&#8217;Ambasciata d&#8217;Italia a Lisbona e dell&#8217;Istituto Italiano di Cultura di Lisbona.<\/p>\n<p>\u00a0<\/p>\n<p><img loading=\"lazy\" decoding=\"async\" src=\"https:\/\/www.esteri.it\/mae\/resource\/img\/2021\/04\/lisbona.png\" width=\"750\" height=\"324\" alt=\"lisbona\" style=\"display: block; margin-left: auto; margin-right: auto;\" \/><\/p>\n<p>\u00a0<\/p>\n<p>Concepita a partire dalla collezione del museo MAXXI Architettura di Roma &#8211; che racconta l\u2019evoluzione del concetto di abitare dal dopoguerra a oggi &#8211; la mostra parte dalla scala ridotta del rifugio per arrivare alla grande dimensione dell&#8217;abitazione collettiva, evidenziando esperienze complesse e ibride che testimoniano il nuovo rapporto tra individui e comunit\u00e0.<\/p>\n<p>La versione portoghese si basa sull\u2019idea di aggiungere a ogni duetto individuato per la mostra al MAXXI, con le opere di grandi maestri del Novecento, un progettista portoghese che lavora sugli stessi temi e sulle stesse scale. Considerando l\u2019importanza dell\u2019architettura portoghese recente nel campo dell\u2019edilizia domestica e residenziale e i grandi maestri impegnati in questo campo (Siza, Souto de Moura, Mateus) l\u2019edizione portoghese di At Home (Em Casa) si presenta come un evento di grande rilievo per la comunit\u00e0 architettonica internazionale.<\/p>\n<p>L\u2019esposizione \u00e8 visitabile fino al 5 settembre 2021 e prevede a latere un ciclo di visite gratuite all&#8217;esposizione e alla citt\u00e0 di Lisbona con personalit\u00e0 di diverse aree al fine di scoprire i paradigmi che l&#8217;esposizione mette in discussione da differenti punti di vista.<\/p>\n","protected":false},"excerpt":{"rendered":"Si \u00e8 aperta il 16 aprile, alla presenza della Ministra portoghese della Cultura, Gra\u00e7a Fonseca, e dell\u2019Ambasciatore d\u2019Italia a Lisbona, Carlo Formosa, l\u2019esposizione &#8220;Em Casa. Projetos para Habita\u00e7\u00e3o Contempor\u00e2nea&#8221; (\u201cAt Home. Progetti per l\u2019abitare contemporaneo\u201d), organizzata dal Centro Cultural di Bel\u00e9m presso lo spazio Garagem Sul, in collaborazione con il MAXXI, Museo Nazionale delle Arti [&hellip;]","protected":false},"author":1,"featured_media":0,"comment_status":"","ping_status":"","sticky":false,"template":"","format":"standard","meta":{"footnotes":""},"categories":[20],"tags":[32,9],"class_list":["post-58679","post","type-post","status-publish","format-standard","hentry","category-retediplomatica","tag-diplomazia-culturale","tag-europa"],"_links":{"self":[{"href":"https:\/\/www.esteri.it\/it\/wp-json\/wp\/v2\/posts\/58679","targetHints":{"allow":["GET"]}}],"collection":[{"href":"https:\/\/www.esteri.it\/it\/wp-json\/wp\/v2\/posts"}],"about":[{"href":"https:\/\/www.esteri.it\/it\/wp-json\/wp\/v2\/types\/post"}],"author":[{"embeddable":true,"href":"https:\/\/www.esteri.it\/it\/wp-json\/wp\/v2\/users\/1"}],"replies":[{"embeddable":true,"href":"https:\/\/www.esteri.it\/it\/wp-json\/wp\/v2\/comments?post=58679"}],"version-history":[{"count":0,"href":"https:\/\/www.esteri.it\/it\/wp-json\/wp\/v2\/posts\/58679\/revisions"}],"wp:attachment":[{"href":"https:\/\/www.esteri.it\/it\/wp-json\/wp\/v2\/media?parent=58679"}],"wp:term":[{"taxonomy":"category","embeddable":true,"href":"https:\/\/www.esteri.it\/it\/wp-json\/wp\/v2\/categories?post=58679"},{"taxonomy":"post_tag","embeddable":true,"href":"https:\/\/www.esteri.it\/it\/wp-json\/wp\/v2\/tags?post=58679"}],"curies":[{"name":"wp","href":"https:\/\/api.w.org\/{rel}","templated":true}]}}