{"id":58694,"date":"2021-04-16T13:20:25","date_gmt":"2021-04-16T11:20:25","guid":{"rendered":"https:\/\/www.esteri.it\/sala_stampa\/archivionotizie\/comunicati\/2021\/04\/berlino-il-ciclo-d-incontri-paura-non-abbiamo\/"},"modified":"2021-04-16T13:20:25","modified_gmt":"2021-04-16T11:20:25","slug":"berlino-il-ciclo-d-incontri-paura-non-abbiamo","status":"publish","type":"post","link":"https:\/\/www.esteri.it\/it\/sala_stampa\/archivionotizie\/retediplomatica\/2021\/04\/berlino-il-ciclo-d-incontri-paura-non-abbiamo\/","title":{"rendered":"Berlino: il ciclo d&#8217;incontri &#8220;Paura non abbiamo!&#8221;"},"content":{"rendered":"<p>L\u2019Ambasciata d\u2019Italia a Berlino e il Comites della citt\u00e0 stanno collaborando alla realizzazione di un ciclo di incontri sulla violenza di genere dal titolo \u201cPaura non abbiamo!\u201d.\u00a0<\/p>\n<p>Il prossimo appuntamento, il secondo in programma, si terr\u00e0 su Zoom il 21 aprile alle\u00a0ore 19. L\u2019evento, un\u2019iniziativa di UIM Germania e del Mitte, sar\u00e0 in lingua italiana con traduzione simultanea in tedesco.\u00a0<\/p>\n<p>Ospite del prossimo incontro sar\u00e0 Valentina Primavera, autrice di \u201cUna primavera\u201d, documentario che, partendo dal percorso biografico di Fiorella, madre della regista, indaga con sguardo crudo ma delicato la difficile tematica della violenza domestica, facendo emergere le complesse dinamiche di un fenomeno tanto diffuso, quanto difficile da combattere. Inizia un viaggio complesso, che porta madre e figlia a confrontarsi con le strutture patriarcali, rivelandone gli effetti devastanti sulla famiglia e sulla societ\u00e0 pi\u00f9 in generale.<\/p>\n<p>\u00a0<\/p>\n<p><img loading=\"lazy\" decoding=\"async\" src=\"https:\/\/www.esteri.it\/mae\/resource\/img\/2021\/04\/berlino_paura.jpg\" width=\"750\" height=\"629\" alt=\"berlino paura\" style=\"display: block; margin-left: auto; margin-right: auto;\" \/><\/p>\n<p>\u00a0<\/p>\n<p>L\u2019incontro verr\u00e0 moderato dalla direttrice del Mitte, Lucia Conti; parteciperanno anche\u00a0Lisa Mazzi e Annalisa Maggiani.\u00a0<\/p>\n<p><strong>Lisa Mazzi<\/strong>\u00a0\u00e8 una docente universitaria emerita, studiosa ed esperta di vittimologia e violenza di genere, nonch\u00e9 fondatrice di Rete Donne, di cui \u00e8 stata Presidente nazionale fino al 2018. Attualmente \u00e8 presidente onoraria di Rete Donne Berlino.\u00a0<\/p>\n<p><strong>Annalisa Maggiani<\/strong>\u00a0\u00e8 psicologa presso il Susi Interkulturelles Frauenzentrum di Berlino, danzaterapeuta e socia co-fondatrice di Salutare e.V., prima associazione italiana in Germania per la salute mentale. Collabora inoltre con i\u00a0centri antiviolenza di Toscana e Umbria.<\/p>\n<p>Nella seconda parte dell\u2019evento verr\u00e0 dato modo al pubblico di rivolgere domande alle panelist o di offrire un proprio contributo al dibattito.<\/p>\n<p>La lotta alla violenza di genere \u00e8 un obiettivo condiviso da molti governi nel mondo, e l\u2019Italia, in prima linea in questa battaglia, ne ha fatto una delle priorit\u00e0 della sua Presidenza del G20: lo scopo di questo secondo appuntamento del ciclo \u201cPaura non abbiamo!\u201d \u00e8, in primis, quello di sensibilizzare il pubblico, stimolando donne\u00a0 e uomini ad una riflessione ed una presa di coscienza su questo tema cos\u00ec rilevante e spinoso, troppo spesso ancora coperto da un velo di pudore e taciuto.\u00a0<\/p>\n<p>Per\u00a0partecipare all&#8217;evento cliccare\u00a0<a href=\"https:\/\/zoom.us\/j\/97686163795\">qui<\/a>.<strong><br \/><\/strong><\/p>\n","protected":false},"excerpt":{"rendered":"L\u2019Ambasciata d\u2019Italia a Berlino e il Comites della citt\u00e0 stanno collaborando alla realizzazione di un ciclo di incontri sulla violenza di genere dal titolo \u201cPaura non abbiamo!\u201d.\u00a0 Il prossimo appuntamento, il secondo in programma, si terr\u00e0 su Zoom il 21 aprile alle\u00a0ore 19. L\u2019evento, un\u2019iniziativa di UIM Germania e del Mitte, sar\u00e0 in lingua italiana [&hellip;]","protected":false},"author":1,"featured_media":0,"comment_status":"","ping_status":"","sticky":false,"template":"","format":"standard","meta":{"footnotes":""},"categories":[20],"tags":[32,9],"class_list":["post-58694","post","type-post","status-publish","format-standard","hentry","category-retediplomatica","tag-diplomazia-culturale","tag-europa"],"_links":{"self":[{"href":"https:\/\/www.esteri.it\/it\/wp-json\/wp\/v2\/posts\/58694","targetHints":{"allow":["GET"]}}],"collection":[{"href":"https:\/\/www.esteri.it\/it\/wp-json\/wp\/v2\/posts"}],"about":[{"href":"https:\/\/www.esteri.it\/it\/wp-json\/wp\/v2\/types\/post"}],"author":[{"embeddable":true,"href":"https:\/\/www.esteri.it\/it\/wp-json\/wp\/v2\/users\/1"}],"replies":[{"embeddable":true,"href":"https:\/\/www.esteri.it\/it\/wp-json\/wp\/v2\/comments?post=58694"}],"version-history":[{"count":0,"href":"https:\/\/www.esteri.it\/it\/wp-json\/wp\/v2\/posts\/58694\/revisions"}],"wp:attachment":[{"href":"https:\/\/www.esteri.it\/it\/wp-json\/wp\/v2\/media?parent=58694"}],"wp:term":[{"taxonomy":"category","embeddable":true,"href":"https:\/\/www.esteri.it\/it\/wp-json\/wp\/v2\/categories?post=58694"},{"taxonomy":"post_tag","embeddable":true,"href":"https:\/\/www.esteri.it\/it\/wp-json\/wp\/v2\/tags?post=58694"}],"curies":[{"name":"wp","href":"https:\/\/api.w.org\/{rel}","templated":true}]}}