{"id":58712,"date":"2021-04-12T13:57:56","date_gmt":"2021-04-12T11:57:56","guid":{"rendered":"https:\/\/www.esteri.it\/sala_stampa\/archivionotizie\/comunicati\/2021\/04\/belgrado-la-mostra-dante-ipermoderno\/"},"modified":"2021-04-12T13:57:56","modified_gmt":"2021-04-12T11:57:56","slug":"belgrado-la-mostra-dante-ipermoderno","status":"publish","type":"post","link":"https:\/\/www.esteri.it\/it\/sala_stampa\/archivionotizie\/retediplomatica\/2021\/04\/belgrado-la-mostra-dante-ipermoderno\/","title":{"rendered":"Belgrado: la mostra &#8220;Dante ipermoderno&#8221;"},"content":{"rendered":"<p>L\u2019Ambasciatore Carlo Lo Cascio, insieme con il Direttore dell\u2019Istituto Italiano di Cultura di Belgrado Roberto Cincotta, alla presenza dell\u2019Assistant Minister Danijela Vanusic, hanno presentato ieri sera la mostra\u00a0<i>Dante ipermoderno. Illustrazioni dantesche nel mondo 1983-2021<\/i>, ideata dalla Societ\u00e0 Dantesca e dall\u2019Associazione degli Italianisti, in programma fino al 12 maggio presso la sede dell\u2019IIC Belgrado in via Kneza Milo\u0161a 56. Curata dal prof. Giorgio Bacci, con la collaborazione di Marcello Ciccuto e Alberto Casadei, la mostra \u00e8 pensata in occasione dei 700 anni dalla morte di Dante Alighieri, padre della lingua italiana, ed \u00e8 realizzata da Art Media Studio di Firenze grazie al sostegno del Ministero degli Affari Esteri e della Cooperazione Internazionale.<\/p>\n<p>\u00a0<\/p>\n<p><img decoding=\"async\" src=\"https:\/\/www.esteri.it\/mae\/resource\/img\/2021\/04\/dante_belgrado1.jpg\" alt=\"dante belgrado1\" style=\"display: block; margin-left: auto; margin-right: auto;\" \/><\/p>\n<p>\u00a0<\/p>\n<p>La mostra\u00a0<i>Dante ipermoderno<\/i>\u00a0propone un percorso rappresentativo delle fasi pi\u00f9 recenti nell\u2019ambito della lunga storia delle illustrazioni di opere dantesche ed \u00e8 un\u2019occasione unica per presentare al pubblico serbo esempi di alto valore artistico dell\u2019iconografia legata al Sommo Poeta. Permette di ammirare un\u2019ottantina di opere realizzate da cinque artisti contemporanei &#8211; Tom Phillips, Monika Beisner, Mimmo Paladino, Emiliano Ponzi e Paolo Barbieri &#8211; mettendo in dialogo esperienze, tecniche e metodologie differenti. Un vero e proprio viaggio nella cultura visiva contemporanea, molteplice e sfaccettata, ricca di suggestioni formali, in grado di suggerire nuovi sentieri interpretativi.<\/p>\n<p>\u00a0<\/p>\n<p><iframe loading=\"lazy\" width=\"560\" height=\"315\" src=\"https:\/\/www.youtube-nocookie.com\/embed\/MjUbWsejo1o\" title=\"YouTube video player\" seamless=\"seamless\" allow=\"accelerometer; autoplay; clipboard-write; encrypted-media; gyroscope; picture-in-picture\" allowfullscreen=\"allowfullscreen\" style=\"display: block; margin-left: auto; margin-right: auto;\"><\/iframe><\/p>\n<p>\u00a0<\/p>\n<p>Le nove serigrafie di\u00a0Tom Phillips\u00a0evidenziano un linguaggio originale, che unisce l\u2019immediatezza pop a una raffinata ricerca sui mezzi espressivi. I lavori realizzati con la tempera all\u2019uovo da\u00a0Monika Beisner, prima artista donna a illustrare la\u00a0<i>Divina Commedia<\/i>\u00a0nella sua interezza, evidenziano un\u2019attenzione al dettaglio in grado di rielaborare attivamente una tradizione figurativa che arriva a comprendere Giovanni di Paolo.\u00a0Mimmo Paladino\u00a0impiega il disegno, rimeditato in senso sperimentale, per sondare le radici arcaiche del poema dantesco, rileggendo i versi danteschi attraverso il filtro della propria poetica artistica.\u00a0Paolo Barbieri\u00a0concilia la tradizione con l\u2019innovazione, gli schizzi originali in nero si tramutano nelle coloratissime stampe finali, in cui le atmosfere fantasy tratteggiano uno scenario interpretativo inedito.\u00a0Emiliano Ponzi\u00a0invece si affida completamente al digitale, definendo ambientazioni dal tono surreale, con venature inquietanti, che riattualizzano Dante in una straniante contemporaneit\u00e0.\u00a0<\/p>\n<p>L\u2019inaugurazione della mostra\u00a0<i>Dante ipermoderno<\/i>\u00a0avr\u00e0 luogo mercoled\u00ec 14 aprile alle ore 18.30 e potr\u00e0 essere rivista\u00a0<a href=\"https:\/\/www.youtube.com\/channel\/UCZrgIyO3s5grE2QE-L8EwJA\" target=\"_blank\" rel=\"noopener noreferrer\">sul canale YouTube dell\u2019IIC Belgrado<\/a>. La mostra sar\u00e0 visitabile dal 15 aprile al 12 maggio 2021 da luned\u00ec a venerd\u00ec dalle 10.00 alle 19.00. Dopo la tappa belgradese la mostra sar\u00e0 presentata al pubblico di Atene, Praga, Mosca, Madrid e Londra.<\/p>\n<p>\u00a0<\/p>\n<p><img loading=\"lazy\" decoding=\"async\" src=\"https:\/\/www.esteri.it\/mae\/resource\/img\/2021\/04\/dante_ipermoderno.jpg\" width=\"200\" height=\"279\" alt=\"dante ipermoderno\" style=\"display: block; margin-left: auto; margin-right: auto;\" \/><\/p>\n","protected":false},"excerpt":{"rendered":"L\u2019Ambasciatore Carlo Lo Cascio, insieme con il Direttore dell\u2019Istituto Italiano di Cultura di Belgrado Roberto Cincotta, alla presenza dell\u2019Assistant Minister Danijela Vanusic, hanno presentato ieri sera la mostra\u00a0Dante ipermoderno. Illustrazioni dantesche nel mondo 1983-2021, ideata dalla Societ\u00e0 Dantesca e dall\u2019Associazione degli Italianisti, in programma fino al 12 maggio presso la sede dell\u2019IIC Belgrado in via [&hellip;]","protected":false},"author":1,"featured_media":0,"comment_status":"","ping_status":"","sticky":false,"template":"","format":"standard","meta":{"footnotes":""},"categories":[20],"tags":[32,9],"class_list":["post-58712","post","type-post","status-publish","format-standard","hentry","category-retediplomatica","tag-diplomazia-culturale","tag-europa"],"_links":{"self":[{"href":"https:\/\/www.esteri.it\/it\/wp-json\/wp\/v2\/posts\/58712","targetHints":{"allow":["GET"]}}],"collection":[{"href":"https:\/\/www.esteri.it\/it\/wp-json\/wp\/v2\/posts"}],"about":[{"href":"https:\/\/www.esteri.it\/it\/wp-json\/wp\/v2\/types\/post"}],"author":[{"embeddable":true,"href":"https:\/\/www.esteri.it\/it\/wp-json\/wp\/v2\/users\/1"}],"replies":[{"embeddable":true,"href":"https:\/\/www.esteri.it\/it\/wp-json\/wp\/v2\/comments?post=58712"}],"version-history":[{"count":0,"href":"https:\/\/www.esteri.it\/it\/wp-json\/wp\/v2\/posts\/58712\/revisions"}],"wp:attachment":[{"href":"https:\/\/www.esteri.it\/it\/wp-json\/wp\/v2\/media?parent=58712"}],"wp:term":[{"taxonomy":"category","embeddable":true,"href":"https:\/\/www.esteri.it\/it\/wp-json\/wp\/v2\/categories?post=58712"},{"taxonomy":"post_tag","embeddable":true,"href":"https:\/\/www.esteri.it\/it\/wp-json\/wp\/v2\/tags?post=58712"}],"curies":[{"name":"wp","href":"https:\/\/api.w.org\/{rel}","templated":true}]}}