{"id":58714,"date":"2021-04-12T10:24:17","date_gmt":"2021-04-12T08:24:17","guid":{"rendered":"https:\/\/www.esteri.it\/sala_stampa\/archivionotizie\/comunicati\/2021\/04\/amburgo-il-tour-virtuale-andar-per-castelli\/"},"modified":"2021-04-12T10:24:17","modified_gmt":"2021-04-12T08:24:17","slug":"amburgo-il-tour-virtuale-andar-per-castelli","status":"publish","type":"post","link":"https:\/\/www.esteri.it\/it\/sala_stampa\/archivionotizie\/retediplomatica\/2021\/04\/amburgo-il-tour-virtuale-andar-per-castelli\/","title":{"rendered":"Amburgo, il tour virtuale \u201cAndar per castelli\u201d"},"content":{"rendered":"<p>L&#8217;Istituto Italiano di Cultura di Amburgo si rimette virtualmente in viaggio, seguendo torri di avvistamento e svettanti merlature all&#8217;orizzonte: al via oggi il viaggio alla scoperta di alcuni dei castelli pi\u00f9 belli della Penisola con #andarpercastelli.<\/p>\n<p>\u00a0<\/p>\n<p><img decoding=\"async\" src=\"https:\/\/www.esteri.it\/mae\/resource\/img\/2021\/04\/amburgo4.jpg\" alt=\"amburgo4\" style=\"display: block; margin-left: auto; margin-right: auto;\" \/><\/p>\n<p>\u00a0<\/p>\n<p>Il progetto accompagner\u00e0 gli utenti in un tour virtuale nel quale potranno osservare castelli di mare, montagna, collina, lago, roccaforti difensive, castelli isolati, borghi \u201ccastellari\u201d, castelli che sono diventati residenze, castelli oggi divenuti musei. In Italia, infatti, ci sono pi\u00f9 di 20.000 castelli che hanno accompagnato la storia del nostro Paese fin dal medioevo, caratterizzandone il paesaggio.<\/p>\n<p>\u00a0<\/p>\n<p><img decoding=\"async\" src=\"https:\/\/www.esteri.it\/mae\/resource\/img\/2021\/04\/amburgo5.jpg\" alt=\"amburgo5\" style=\"display: block; margin-left: auto; margin-right: auto;\" \/><\/p>\n<p>\u00a0<\/p>\n<p>Il progetto, fruibile in doppia lingua, prevede 61 tappe e accompagner\u00e0 il pubblico sul sito e sui canali social dell&#8217;Istituto ogni luned\u00ec e mercoled\u00ec fino all&#8217;11 novembre 2021.<\/p>\n<p>Sar\u00e0 possibile seguire le tracce di Federico II in Basilicata e in Puglia, l\u2019incredibile sincretismo arabo-normanno in Sicilia, gli scenografici castelli costieri sul mar Tirreno e mar Ionico, le fortezze di sapore scaligero in Lombardia e in Veneto, le strepitose decorazioni ad affresco dei castelli del Trentino e della Valle d\u2019Aosta, i borghi castellari disseminati tra Abruzzo, Marche e Umbria; e poi ancora, le eleganti residenze piemontesi, le iconiche strutture castellari dell\u2019Emilia-Romagna, fino ai cavalli molisani, alle bizzarrie orientalistiche toscane e ai castelli di mare e collina della Sardegna.<\/p>\n<p>\u00a0<\/p>\n<p><img decoding=\"async\" src=\"https:\/\/www.esteri.it\/mae\/resource\/img\/2021\/04\/amburgo6.jpg\" alt=\"amburgo6\" style=\"display: block; margin-left: auto; margin-right: auto;\" \/><\/p>\n<p>\u00a0<\/p>\n<p>Il progetto \u201cAndar per castelli\u201d si avvale di strumenti di geolocalizzazione che accompagnano il visitatore in una consultazione geografica con l\u2019uso della piattaforma\u00a0<a href=\"https:\/\/umap.openstreetmap.fr\/it\/map\/castelli-deu_579168#6\/42.380\/12.429\">openstreetmap<\/a>\u00a0i viaggiatori appassionati potranno trarne ispirazione per la costruzione di un personale itinerario di viaggio. Una galleria di immagini di altissima qualit\u00e0 accompagna il viaggio, grazie alla collaborazione di fotografi e viaggiatori.<\/p>\n<p>\u00a0<\/p>\n<p><img decoding=\"async\" src=\"https:\/\/www.esteri.it\/mae\/resource\/img\/2021\/04\/amburgo8.jpg\" alt=\"amburgo8\" style=\"display: block; margin-left: auto; margin-right: auto;\" \/><\/p>\n","protected":false},"excerpt":{"rendered":"L&#8217;Istituto Italiano di Cultura di Amburgo si rimette virtualmente in viaggio, seguendo torri di avvistamento e svettanti merlature all&#8217;orizzonte: al via oggi il viaggio alla scoperta di alcuni dei castelli pi\u00f9 belli della Penisola con #andarpercastelli. \u00a0 \u00a0 Il progetto accompagner\u00e0 gli utenti in un tour virtuale nel quale potranno osservare castelli di mare, montagna, [&hellip;]","protected":false},"author":1,"featured_media":0,"comment_status":"","ping_status":"","sticky":false,"template":"","format":"standard","meta":{"footnotes":""},"categories":[20],"tags":[32,9],"class_list":["post-58714","post","type-post","status-publish","format-standard","hentry","category-retediplomatica","tag-diplomazia-culturale","tag-europa"],"_links":{"self":[{"href":"https:\/\/www.esteri.it\/it\/wp-json\/wp\/v2\/posts\/58714","targetHints":{"allow":["GET"]}}],"collection":[{"href":"https:\/\/www.esteri.it\/it\/wp-json\/wp\/v2\/posts"}],"about":[{"href":"https:\/\/www.esteri.it\/it\/wp-json\/wp\/v2\/types\/post"}],"author":[{"embeddable":true,"href":"https:\/\/www.esteri.it\/it\/wp-json\/wp\/v2\/users\/1"}],"replies":[{"embeddable":true,"href":"https:\/\/www.esteri.it\/it\/wp-json\/wp\/v2\/comments?post=58714"}],"version-history":[{"count":0,"href":"https:\/\/www.esteri.it\/it\/wp-json\/wp\/v2\/posts\/58714\/revisions"}],"wp:attachment":[{"href":"https:\/\/www.esteri.it\/it\/wp-json\/wp\/v2\/media?parent=58714"}],"wp:term":[{"taxonomy":"category","embeddable":true,"href":"https:\/\/www.esteri.it\/it\/wp-json\/wp\/v2\/categories?post=58714"},{"taxonomy":"post_tag","embeddable":true,"href":"https:\/\/www.esteri.it\/it\/wp-json\/wp\/v2\/tags?post=58714"}],"curies":[{"name":"wp","href":"https:\/\/api.w.org\/{rel}","templated":true}]}}