{"id":58725,"date":"2021-04-02T12:06:20","date_gmt":"2021-04-02T10:06:20","guid":{"rendered":"https:\/\/www.esteri.it\/sala_stampa\/archivionotizie\/comunicati\/2021\/04\/praga-torneranno-le-sere-la-voce-della-poesia-italiana\/"},"modified":"2021-04-02T12:06:20","modified_gmt":"2021-04-02T10:06:20","slug":"praga-torneranno-le-sere-la-voce-della-poesia-italiana","status":"publish","type":"post","link":"https:\/\/www.esteri.it\/it\/sala_stampa\/archivionotizie\/retediplomatica\/2021\/04\/praga-torneranno-le-sere-la-voce-della-poesia-italiana\/","title":{"rendered":"Praga: \u201cTorneranno le sere&#8230; La voce della poesia italiana\u201d"},"content":{"rendered":"<p>L\u2019Istituto Italiano di Cultura di Praga\u00a0presenta\u00a0\u201cTorneranno le sere&#8230; La voce della poesia italiana\u201d<strong>,<\/strong>\u00a0mostra\u00a0virtuale con le voci e i relativi spettrogrammi rielaborati in forma pittorica di diciassette\u00a0tra i pi\u00f9 grandi poeti e poetesse italiani del Novecento: Giuseppe Ungaretti, Eugenio Montale,\u00a0Pier Paolo Pasolini, Amelia Rosselli, Edoardo Sanguineti, Alfonso Gatto, Giorgio Caproni, Franco Fortini, Sandro Penna, Alda Merini, ma anche poeti contemporanei quali Antonella Anedda, Chandra Livia Candiani, Carlo Bordini, Mariangela Gualtieri, Valerio Magrelli, Claudio Damiani e Maria Pia Quintavalla.<\/p>\n<p>Un messaggio di\u00a0rinascita traspare gi\u00e0 dal titolo della mostra\u00a0e dal suo esplicito richiamo all\u2019omonima poesia di Alfonso Gatto, che con il suo incipit \u201ctorneranno le sere a intiepidire \/ nell\u2019azzurro le piazze\u201d infonde\u00a0speranza in\u00a0un futuro che \u00e8 ritorno ai gesti consueti del passato pi\u00f9 caro e allo stesso tempo fornisce con\u00a0una splendida sinestesia la chiave di lettura della mostra stessa.<\/p>\n<p>\u00a0<\/p>\n<p><img loading=\"lazy\" decoding=\"async\" src=\"https:\/\/www.esteri.it\/mae\/resource\/img\/2021\/04\/praga_poesia_appro.jpg\" width=\"600\" height=\"264\" alt=\"praga poesia appro\" style=\"display: block; margin-left: auto; margin-right: auto;\" \/><\/p>\n<p>\u00a0<\/p>\n<p>L&#8217;allestimento virtuale \u00e8 composto dai ritratti della voce, spettrogrammi creati dall\u2019artista,\u00a0poetessa e docente di letteratura italiana a Londra Giovanna Iorio, ideatrice della\u00a0<a href=\"https:\/\/poetrysoundlibrary.weebly.com\">Poetry Sound Library<\/a>, una mappa sonora della poesia mondiale\u00a0dove \u00e8 possibile ascoltare la voce di giovani talenti accanto a quella di grandimaestri, da T. S. Eliot a Paul Celan, da Dylan Thomas ad Allen Ginsberg. Vicino ad ogni\u00a0ritratto esposto nella galleria virtuale dell\u2019Istituto, il visitatore potr\u00e0 ascoltare\u00a0la voce originale\u00a0dell\u2019autore da cui il ritratto \u00e8 stato generato in forma di spettrogrammi. Le voci sono\u00a0accompagnate dal testo originale in italiano e dalla traduzione in ceco curata dagli italianisti\u00a0Ji\u0159\u00ed Pel\u00e1n e Alice Flemrov\u00e1. \u201cPoesie da ascoltare con gli occhi\u201d, come ha sottolineato Giovanna Iorio, un\u2019occasione unica per vivere attraverso il connubio tra voce e immagine l\u2019esperienza della pi\u00f9 coinvolgente poesia italiana.<\/p>\n<p>La mostra virtuale\u00a0\u00e8 visitabile fino\u00a0al 31 maggio<a href=\"https:\/\/artspaces.kunstmatrix.com\/en\/exhibition\/4517053\/la-voce-della-%20poesia-italiana-iic-praga\">\u00a0<\/a><a href=\"https:\/\/artspaces.kunstmatrix.com\/en\/exhibition\/4517053\/la-voce-della-poesia-italiana-iic-praga\">qui..<\/a>\u00a0<\/p>\n<p>Il catalogo dell\u2019esposizione \u00e8 consultabile\u00a0<a href=\"https:\/\/iicpraga.esteri.it\/iic_praga\/resource\/doc\/2021\/03\/catalogo_voci_della_poesia_italiana.pdf\">qui<\/a>.<\/p>\n<p><img loading=\"lazy\" decoding=\"async\" src=\"https:\/\/www.esteri.it\/mae\/resource\/img\/2021\/04\/praga_poesia_magrelli.jpg\" width=\"600\" height=\"897\" alt=\"praga poesia magrelli\" style=\"display: block; margin-left: auto; margin-right: auto;\" \/><\/p>\n<p>\u00a0<\/p>\n","protected":false},"excerpt":{"rendered":"L\u2019Istituto Italiano di Cultura di Praga\u00a0presenta\u00a0\u201cTorneranno le sere&#8230; La voce della poesia italiana\u201d,\u00a0mostra\u00a0virtuale con le voci e i relativi spettrogrammi rielaborati in forma pittorica di diciassette\u00a0tra i pi\u00f9 grandi poeti e poetesse italiani del Novecento: Giuseppe Ungaretti, Eugenio Montale,\u00a0Pier Paolo Pasolini, Amelia Rosselli, Edoardo Sanguineti, Alfonso Gatto, Giorgio Caproni, Franco Fortini, Sandro Penna, Alda Merini, [&hellip;]","protected":false},"author":1,"featured_media":0,"comment_status":"","ping_status":"","sticky":false,"template":"","format":"standard","meta":{"footnotes":""},"categories":[20],"tags":[32,9],"class_list":["post-58725","post","type-post","status-publish","format-standard","hentry","category-retediplomatica","tag-diplomazia-culturale","tag-europa"],"_links":{"self":[{"href":"https:\/\/www.esteri.it\/it\/wp-json\/wp\/v2\/posts\/58725","targetHints":{"allow":["GET"]}}],"collection":[{"href":"https:\/\/www.esteri.it\/it\/wp-json\/wp\/v2\/posts"}],"about":[{"href":"https:\/\/www.esteri.it\/it\/wp-json\/wp\/v2\/types\/post"}],"author":[{"embeddable":true,"href":"https:\/\/www.esteri.it\/it\/wp-json\/wp\/v2\/users\/1"}],"replies":[{"embeddable":true,"href":"https:\/\/www.esteri.it\/it\/wp-json\/wp\/v2\/comments?post=58725"}],"version-history":[{"count":0,"href":"https:\/\/www.esteri.it\/it\/wp-json\/wp\/v2\/posts\/58725\/revisions"}],"wp:attachment":[{"href":"https:\/\/www.esteri.it\/it\/wp-json\/wp\/v2\/media?parent=58725"}],"wp:term":[{"taxonomy":"category","embeddable":true,"href":"https:\/\/www.esteri.it\/it\/wp-json\/wp\/v2\/categories?post=58725"},{"taxonomy":"post_tag","embeddable":true,"href":"https:\/\/www.esteri.it\/it\/wp-json\/wp\/v2\/tags?post=58725"}],"curies":[{"name":"wp","href":"https:\/\/api.w.org\/{rel}","templated":true}]}}