{"id":58729,"date":"2021-03-29T12:51:21","date_gmt":"2021-03-29T10:51:21","guid":{"rendered":"https:\/\/www.esteri.it\/sala_stampa\/archivionotizie\/comunicati\/2021\/03\/stoccolma-il-progetto-monday-stoic\/"},"modified":"2021-03-29T12:51:21","modified_gmt":"2021-03-29T10:51:21","slug":"stoccolma-il-progetto-monday-stoic","status":"publish","type":"post","link":"https:\/\/www.esteri.it\/it\/sala_stampa\/archivionotizie\/retediplomatica\/2021\/03\/stoccolma-il-progetto-monday-stoic\/","title":{"rendered":"Stoccolma: il progetto &#8220;Monday Stoic&#8221;"},"content":{"rendered":"<p>&#8220;Monday Stoic. Tips of wisdom for our present from Marcus Aurelius Diary&#8221; \u00e8 il nome del nuovo progetto promosso dall\u2019Istituto Italiano di Cultura C. M. Lerici di Stoccolma, dedicato alla figura di Marco Aurelio, imperatore e filosofo romano. Dal oggi\u00a0al prossimo\u00a014 giugno, ogni luned\u00ec per dodici settimane, sui profili <a href=\"https:\/\/www.facebook.com\/Istitutoitalianodiculturacmlerici\">Facebook<\/a>\u00a0e <a href=\"https:\/\/www.instagram.com\/iicstoccolma\/\">Instagram<\/a>\u00a0dell\u2019Istituto, sar\u00e0 proposta\u00a0una citazione &#8211;\u00a0in lingua italiana e svedese &#8211;\u00a0tratta dai &#8220;Colloqui con s\u00e9 stesso&#8221; che Marco Aurelio scrisse tra il 170 e il 180 d.C. nel greco della koin\u00e8.\u00a0<\/p>\n<p>L\u2019opera, composta da dodici libri, raccoglie pensieri e riflessioni degli ultimi dodici anni di vita dell\u2019autore, sullo scenario della peste antonina, la prima epidemia che la storia ricordi. I &#8220;Colloqui con s\u00e9 stesso&#8221; sono anche noti come &#8220;Ricordi&#8221; o &#8220;Meditazioni&#8221;.\u00a0<\/p>\n<p>Il progetto prevede anche un link su cui sar\u00e0 possibile ascoltare la citazione in lingua originale, il greco, nella playlist Spotify creata dall\u2019Istituto. \u00a0<\/p>\n<p>\u00a0<\/p>\n<p><img decoding=\"async\" src=\"https:\/\/www.esteri.it\/mae\/resource\/img\/2021\/03\/monday_stoic_appro.png\" width=\"750\" alt=\"monday stoic appro\" style=\"display: block; margin-left: auto; margin-right: auto;\" \/><\/p>\n<p>\u00a0<\/p>\n<p>L\u2019obiettivo di &#8220;Monday Stoic&#8221; \u00e8 quello di invitare alla riflessione e alla resilienza, oltre che prendere in considerazione una visione nuova della vita, necessaria a fronteggiare il nostro presente. I testi saranno accompagnati da una breve considerazione volta a incoraggiare la capacit\u00e0 di controllo delle situazioni, secondo una dinamica per cui ci\u00f2 che accade non \u00e8 mai direttamente sotto il nostro controllo, mentre lo sono i nostri pensieri e le nostre azioni. Allo stesso modo, la pandemia non \u00e8 sotto il nostro controllo, ma lo \u00e8 invece il modo in cui ci comportiamo rispetto ad essa.\u00a0<\/p>\n<p>Sullo sfondo delle guerre con i Germani, mentre la peste dilagava in tutto l\u2019impero romano propagata dai soldati dell&#8217;esercito di ritorno dalle campagne militari contro i Parti, Marco Aurelio adott\u00f2 la filosofia stoica<strong>\u00a0<\/strong>come &#8220;cura dell\u2019anima&#8221;, \u00a0e i &#8220;Ricordi&#8221; costituiscono il suo testamento spirituale. La lezione che ne scaturisce pu\u00f2 essere riassunta in quel richiamo alla solidariet\u00e0, unica difesa contro le avversit\u00e0 del presente, ma anche nell\u2019invito a guardare dentro s\u00e9 stessi, per riflettere in maniera critica sulle proprie azioni e i propri pensieri. L\u2019opera \u00e8 un documento di vita rispetto al quale corre immediata l\u2019analogia con la nostra contemporaneit\u00e0 e le parole di Marco Aurelio rappresentano pensieri antichi per un nuovo presente. Ne \u00e8 testimonianza l\u2019enorme numero di copie dell\u2019opera vendute negli Stati Uniti nel 2020. La lezione di Marco Aurelio, insieme al suo dovere morale che d\u00e0 senso al vivere e al sentimento di una armonia dell\u2019uomo con il creato, costituiscono ancora oggi un messaggio universale.\u00a0<\/p>\n<p>Per informazioni:\u00a0<a href=\"http:\/\/www.iicstoccolma.esteri.it\/\" target=\"_blank\" rel=\"noopener noreferrer\">www.iicstoccolma.esteri.it<\/a><\/p>\n<p>\u00a0<\/p>\n<p><img decoding=\"async\" src=\"https:\/\/www.esteri.it\/mae\/resource\/img\/2021\/03\/qui_monday_stoic_2.png\" width=\"750\" alt=\"qui monday stoic 2\" style=\"display: block; margin-left: auto; margin-right: auto;\" \/><\/p>\n<p><strong>\u00a0<\/strong><\/p>\n","protected":false},"excerpt":{"rendered":"&#8220;Monday Stoic. Tips of wisdom for our present from Marcus Aurelius Diary&#8221; \u00e8 il nome del nuovo progetto promosso dall\u2019Istituto Italiano di Cultura C. M. Lerici di Stoccolma, dedicato alla figura di Marco Aurelio, imperatore e filosofo romano. Dal oggi\u00a0al prossimo\u00a014 giugno, ogni luned\u00ec per dodici settimane, sui profili Facebook\u00a0e Instagram\u00a0dell\u2019Istituto, sar\u00e0 proposta\u00a0una citazione &#8211;\u00a0in [&hellip;]","protected":false},"author":1,"featured_media":0,"comment_status":"","ping_status":"","sticky":false,"template":"","format":"standard","meta":{"footnotes":""},"categories":[20],"tags":[32,9],"class_list":["post-58729","post","type-post","status-publish","format-standard","hentry","category-retediplomatica","tag-diplomazia-culturale","tag-europa"],"_links":{"self":[{"href":"https:\/\/www.esteri.it\/it\/wp-json\/wp\/v2\/posts\/58729","targetHints":{"allow":["GET"]}}],"collection":[{"href":"https:\/\/www.esteri.it\/it\/wp-json\/wp\/v2\/posts"}],"about":[{"href":"https:\/\/www.esteri.it\/it\/wp-json\/wp\/v2\/types\/post"}],"author":[{"embeddable":true,"href":"https:\/\/www.esteri.it\/it\/wp-json\/wp\/v2\/users\/1"}],"replies":[{"embeddable":true,"href":"https:\/\/www.esteri.it\/it\/wp-json\/wp\/v2\/comments?post=58729"}],"version-history":[{"count":0,"href":"https:\/\/www.esteri.it\/it\/wp-json\/wp\/v2\/posts\/58729\/revisions"}],"wp:attachment":[{"href":"https:\/\/www.esteri.it\/it\/wp-json\/wp\/v2\/media?parent=58729"}],"wp:term":[{"taxonomy":"category","embeddable":true,"href":"https:\/\/www.esteri.it\/it\/wp-json\/wp\/v2\/categories?post=58729"},{"taxonomy":"post_tag","embeddable":true,"href":"https:\/\/www.esteri.it\/it\/wp-json\/wp\/v2\/tags?post=58729"}],"curies":[{"name":"wp","href":"https:\/\/api.w.org\/{rel}","templated":true}]}}