{"id":58750,"date":"2021-03-19T09:41:12","date_gmt":"2021-03-19T08:41:12","guid":{"rendered":"https:\/\/www.esteri.it\/sala_stampa\/archivionotizie\/comunicati\/2021\/03\/lisbona-alberto-riva-presenta-il-maestro-e-l-infanta\/"},"modified":"2021-03-19T09:41:12","modified_gmt":"2021-03-19T08:41:12","slug":"lisbona-alberto-riva-presenta-il-maestro-e-l-infanta","status":"publish","type":"post","link":"https:\/\/www.esteri.it\/it\/sala_stampa\/archivionotizie\/retediplomatica\/2021\/03\/lisbona-alberto-riva-presenta-il-maestro-e-l-infanta\/","title":{"rendered":"Lisbona, Alberto Riva presenta \u201cIl maestro e l\u2019infanta\u201d"},"content":{"rendered":"<p>Lo scrittore Alberto Riva prende parte al terzo appuntamento del ciclo di incontri letterari \u201cIncontro con gli autori\u201d (H\u00e1 conversas com os autores), promosso dall\u2019Istituto Italiano di Cultura di Lisbona allo scopo di presentare le voci pi\u00f9 interessanti della narrativa italiana contemporanea.<\/p>\n<p>L\u2019incontro avr\u00e0 luogo marted\u00ec 23 marzo alle 18:30 portoghesi (le 19:30 in Italia) in modalit\u00e0 online tramite\u00a0<a href=\"https:\/\/us02web.zoom.us\/webinar\/register\/WN_mQQOYVIPRxKIYCaPndUriA\">piattaforma Zoom<\/a> con traduzione simultanea in portoghese\u00a0 e con trasmissione diretta sulla\u00a0<a href=\"https:\/\/www.facebook.com\/iic.lisbona\/\">pagina Facebook<\/a> dell\u2019Istituto Italiano di Cultura.<\/p>\n<p>\u00a0<\/p>\n<p align=\"center\"><img loading=\"lazy\" decoding=\"async\" src=\"https:\/\/www.esteri.it\/mae\/resource\/img\/2021\/03\/lisbona_seminario.jpg\" width=\"750\" height=\"749\" alt=\"lisbona seminario\" style=\"display: block; margin-left: auto; margin-right: auto;\" \/><\/p>\n<p>\u00a0<\/p>\n<p>Alberto Riva converser\u00e0 con il giornalista Marcello Sacco per presentare il suo ultimissimo romanzo &#8220;Il maestro e l\u2019infanta&#8221;, pubblicato da Neri Pozza Editore nella collana I Narratori delle Tavole, in libreria dal 4 marzo scorso. Nel corso dell\u2019incontro sar\u00e0 possibile ascoltare la Sonata in mi maggiore K 380 di Domenico Scarlatti interpretata dal pianista spagnolo Alberto Urroz, le cui interpretazioni e registrazioni di Scarlatti sono state acclamate dal pubblico, dalla critica internazionale e dalle riviste specializzate.<\/p>\n<p>\u00a0<\/p>\n<p><img loading=\"lazy\" decoding=\"async\" src=\"https:\/\/www.esteri.it\/mae\/resource\/img\/2021\/03\/alberto_riva.jpg\" width=\"750\" height=\"1163\" alt=\"alberto riva\" style=\"display: block; margin-left: auto; margin-right: auto;\" \/><\/p>\n","protected":false},"excerpt":{"rendered":"Lo scrittore Alberto Riva prende parte al terzo appuntamento del ciclo di incontri letterari \u201cIncontro con gli autori\u201d (H\u00e1 conversas com os autores), promosso dall\u2019Istituto Italiano di Cultura di Lisbona allo scopo di presentare le voci pi\u00f9 interessanti della narrativa italiana contemporanea. L\u2019incontro avr\u00e0 luogo marted\u00ec 23 marzo alle 18:30 portoghesi (le 19:30 in Italia) [&hellip;]","protected":false},"author":1,"featured_media":0,"comment_status":"","ping_status":"","sticky":false,"template":"","format":"standard","meta":{"footnotes":""},"categories":[20],"tags":[32,9],"class_list":["post-58750","post","type-post","status-publish","format-standard","hentry","category-retediplomatica","tag-diplomazia-culturale","tag-europa"],"_links":{"self":[{"href":"https:\/\/www.esteri.it\/it\/wp-json\/wp\/v2\/posts\/58750","targetHints":{"allow":["GET"]}}],"collection":[{"href":"https:\/\/www.esteri.it\/it\/wp-json\/wp\/v2\/posts"}],"about":[{"href":"https:\/\/www.esteri.it\/it\/wp-json\/wp\/v2\/types\/post"}],"author":[{"embeddable":true,"href":"https:\/\/www.esteri.it\/it\/wp-json\/wp\/v2\/users\/1"}],"replies":[{"embeddable":true,"href":"https:\/\/www.esteri.it\/it\/wp-json\/wp\/v2\/comments?post=58750"}],"version-history":[{"count":0,"href":"https:\/\/www.esteri.it\/it\/wp-json\/wp\/v2\/posts\/58750\/revisions"}],"wp:attachment":[{"href":"https:\/\/www.esteri.it\/it\/wp-json\/wp\/v2\/media?parent=58750"}],"wp:term":[{"taxonomy":"category","embeddable":true,"href":"https:\/\/www.esteri.it\/it\/wp-json\/wp\/v2\/categories?post=58750"},{"taxonomy":"post_tag","embeddable":true,"href":"https:\/\/www.esteri.it\/it\/wp-json\/wp\/v2\/tags?post=58750"}],"curies":[{"name":"wp","href":"https:\/\/api.w.org\/{rel}","templated":true}]}}