{"id":58762,"date":"2021-03-10T16:10:43","date_gmt":"2021-03-10T15:10:43","guid":{"rendered":"https:\/\/www.esteri.it\/sala_stampa\/archivionotizie\/comunicati\/2021\/03\/praga-tavola-rotonda-online-su-pandemia-e-parita-di-genere\/"},"modified":"2021-03-10T16:10:43","modified_gmt":"2021-03-10T15:10:43","slug":"praga-tavola-rotonda-online-su-pandemia-e-parita-di-genere","status":"publish","type":"post","link":"https:\/\/www.esteri.it\/it\/sala_stampa\/archivionotizie\/retediplomatica\/2021\/03\/praga-tavola-rotonda-online-su-pandemia-e-parita-di-genere\/","title":{"rendered":"Praga: tavola rotonda online su pandemia e parit\u00e0 di genere"},"content":{"rendered":"<p>L\u2019Istituto Italiano di Cultura di Praga, insieme all\u2019Institut Fran\u00e7ais e ai Centri Cechi di Praga, ha organizzato una tavola rotonda online su \u201cL\u2019impatto della pandemia sulla parit\u00e0 di genere in Europa\u201d.\u00a0 L\u2019incontro mira a sottolineare come la pandemia stia provocando danni sociali in tutto il mondo e come le donne, in particolare, siano esposte su molteplici fronti, come quello economico, familiare e sanitario.<\/p>\n<p>Luned\u00ec 15 marzo, alle 18.00, si confronteranno sul tema Kate\u0159ina Haring, presidente dell\u2019Associazione ceco-morava delle imprenditrici e manager (\u010cMAPM); Sandra Laugier, filosofa e docente di filosofia all\u2019universit\u00e0 di Parigi 1 Panth\u00e9on-Sorbonne e Massimiliano Mascherini, direttore ad interim del Dipartimento di Social Policies di Eurofound (European Foundation for the Improvement of Living and Working Conditions).<\/p>\n<p align=\"center\">\u00a0<\/p>\n<p align=\"center\"><img loading=\"lazy\" decoding=\"async\" src=\"https:\/\/www.esteri.it\/mae\/resource\/img\/2021\/03\/praga_appro.jpg\" width=\"600\" height=\"348\" alt=\"praga appro\" style=\"display: block; margin-left: auto; margin-right: auto;\" \/><\/p>\n<p>\u00a0<\/p>\n<p>Il dibattito sar\u00e0 moderato da Al\u017eb\u011bta Kr\u00e1lov\u00e1, fondatrice e direttrice dell\u2019Accademia \u017densk\u00fd byznys di Praga. La tavola rotonda, a partecipazione libera previa registrazione sulla\u00a0piattaforma <a href=\"https:\/\/zoom.us\/webinar\/register\/WN_STBtydjmRnGC5hbW6854vw\">Zoom<\/a>\u00a0si terr\u00e0 in inglese con traduzione simultanea in ceco. L\u2019evento \u00e8 finanziato da EUNIC Global nel quadro di Ideas Yard, il progetto patrocinato dal cluster degli istituti culturali europei EUNIC di Praga che mira ad approfondire in chiave comunitaria alcuni temi di interesse collettivo quali la sostenibilit\u00e0, l&#8217;innovazione, l&#8217;istruzione, la libert\u00e0 e la democrazia.<\/p>\n","protected":false},"excerpt":{"rendered":"L\u2019Istituto Italiano di Cultura di Praga, insieme all\u2019Institut Fran\u00e7ais e ai Centri Cechi di Praga, ha organizzato una tavola rotonda online su \u201cL\u2019impatto della pandemia sulla parit\u00e0 di genere in Europa\u201d.\u00a0 L\u2019incontro mira a sottolineare come la pandemia stia provocando danni sociali in tutto il mondo e come le donne, in particolare, siano esposte su [&hellip;]","protected":false},"author":1,"featured_media":0,"comment_status":"","ping_status":"","sticky":false,"template":"","format":"standard","meta":{"footnotes":""},"categories":[20],"tags":[32,9],"class_list":["post-58762","post","type-post","status-publish","format-standard","hentry","category-retediplomatica","tag-diplomazia-culturale","tag-europa"],"_links":{"self":[{"href":"https:\/\/www.esteri.it\/it\/wp-json\/wp\/v2\/posts\/58762","targetHints":{"allow":["GET"]}}],"collection":[{"href":"https:\/\/www.esteri.it\/it\/wp-json\/wp\/v2\/posts"}],"about":[{"href":"https:\/\/www.esteri.it\/it\/wp-json\/wp\/v2\/types\/post"}],"author":[{"embeddable":true,"href":"https:\/\/www.esteri.it\/it\/wp-json\/wp\/v2\/users\/1"}],"replies":[{"embeddable":true,"href":"https:\/\/www.esteri.it\/it\/wp-json\/wp\/v2\/comments?post=58762"}],"version-history":[{"count":0,"href":"https:\/\/www.esteri.it\/it\/wp-json\/wp\/v2\/posts\/58762\/revisions"}],"wp:attachment":[{"href":"https:\/\/www.esteri.it\/it\/wp-json\/wp\/v2\/media?parent=58762"}],"wp:term":[{"taxonomy":"category","embeddable":true,"href":"https:\/\/www.esteri.it\/it\/wp-json\/wp\/v2\/categories?post=58762"},{"taxonomy":"post_tag","embeddable":true,"href":"https:\/\/www.esteri.it\/it\/wp-json\/wp\/v2\/tags?post=58762"}],"curies":[{"name":"wp","href":"https:\/\/api.w.org\/{rel}","templated":true}]}}