{"id":58763,"date":"2021-03-10T13:09:11","date_gmt":"2021-03-10T12:09:11","guid":{"rendered":"https:\/\/www.esteri.it\/sala_stampa\/archivionotizie\/comunicati\/2021\/03\/berlino-workshop-sul-futuro-della-componentistica-auto\/"},"modified":"2021-03-10T13:09:11","modified_gmt":"2021-03-10T12:09:11","slug":"berlino-workshop-sul-futuro-della-componentistica-auto","status":"publish","type":"post","link":"https:\/\/www.esteri.it\/it\/sala_stampa\/archivionotizie\/retediplomatica\/2021\/03\/berlino-workshop-sul-futuro-della-componentistica-auto\/","title":{"rendered":"Berlino, workshop sul futuro della componentistica auto"},"content":{"rendered":"<p>L\u2019Ambasciata d\u2019Italia a Berlino ha ospitato oggi un workshop virtuale sul futuro dell\u2019industria della componentistica automobilistica e sulla transizione verso nuove forme di mobilit\u00e0.<\/p>\n<p>Oltre ai rappresentanti dei rispettivi Ministeri per lo sviluppo economico (MiSE e BMWI), sono intervenuti i direttori delle due principali associazioni di categoria ANFIA (Associazione Nazionale Filiera Industria Automobilistica) e VDA (Verband der Automobilindustrie), esponenti di un settore fondamentale per la nostra economia, come quello automobilistico, e che costituisce una quota significativa del PIL europeo. La crisi pandemica e la necessit\u00e0 di accelerare la transizione verso nuove forme di mobilit\u00e0 pi\u00f9 sostenibili e digitalizzate sono al centro degli sforzi dei Governi di Italia e Germania e\u00a0dell\u2019impegno in ambito europeo per sviluppare i cosiddetti Important Project of Common European Interest (IPCEI) nei settori strategici come le batterie, i microprocessori o la filiera dell\u2019idrogeno. Nel corso dei lavori \u00e8 emerso come le sfide che accomunano comparti industriali profondamente integrati come quelli di Germania e Italia (prima e seconda manifattura d\u2019Europa) si prestino allo sviluppo di strategie e di risposte congiunte per mantenere la competitivit\u00e0 della nostre imprese e come il dialogo tra Governi e aziende, sia sul piano bilaterale che a livello UE, possa risultare decisivo per il futuro di un settore vitale per la nostra economia, al centro della transizione ecologica e digitale, come quello automotive.<\/p>\n","protected":false},"excerpt":{"rendered":"L\u2019Ambasciata d\u2019Italia a Berlino ha ospitato oggi un workshop virtuale sul futuro dell\u2019industria della componentistica automobilistica e sulla transizione verso nuove forme di mobilit\u00e0. Oltre ai rappresentanti dei rispettivi Ministeri per lo sviluppo economico (MiSE e BMWI), sono intervenuti i direttori delle due principali associazioni di categoria ANFIA (Associazione Nazionale Filiera Industria Automobilistica) e VDA [&hellip;]","protected":false},"author":1,"featured_media":0,"comment_status":"","ping_status":"","sticky":false,"template":"","format":"standard","meta":{"footnotes":""},"categories":[20],"tags":[9],"class_list":["post-58763","post","type-post","status-publish","format-standard","hentry","category-retediplomatica","tag-europa"],"_links":{"self":[{"href":"https:\/\/www.esteri.it\/it\/wp-json\/wp\/v2\/posts\/58763","targetHints":{"allow":["GET"]}}],"collection":[{"href":"https:\/\/www.esteri.it\/it\/wp-json\/wp\/v2\/posts"}],"about":[{"href":"https:\/\/www.esteri.it\/it\/wp-json\/wp\/v2\/types\/post"}],"author":[{"embeddable":true,"href":"https:\/\/www.esteri.it\/it\/wp-json\/wp\/v2\/users\/1"}],"replies":[{"embeddable":true,"href":"https:\/\/www.esteri.it\/it\/wp-json\/wp\/v2\/comments?post=58763"}],"version-history":[{"count":0,"href":"https:\/\/www.esteri.it\/it\/wp-json\/wp\/v2\/posts\/58763\/revisions"}],"wp:attachment":[{"href":"https:\/\/www.esteri.it\/it\/wp-json\/wp\/v2\/media?parent=58763"}],"wp:term":[{"taxonomy":"category","embeddable":true,"href":"https:\/\/www.esteri.it\/it\/wp-json\/wp\/v2\/categories?post=58763"},{"taxonomy":"post_tag","embeddable":true,"href":"https:\/\/www.esteri.it\/it\/wp-json\/wp\/v2\/tags?post=58763"}],"curies":[{"name":"wp","href":"https:\/\/api.w.org\/{rel}","templated":true}]}}