{"id":58773,"date":"2021-03-08T15:19:06","date_gmt":"2021-03-08T14:19:06","guid":{"rendered":"https:\/\/www.esteri.it\/sala_stampa\/archivionotizie\/comunicati\/2021\/03\/francia-torna-la-rassegna-viva-il-cinema\/"},"modified":"2021-03-08T15:19:06","modified_gmt":"2021-03-08T14:19:06","slug":"francia-torna-la-rassegna-viva-il-cinema","status":"publish","type":"post","link":"https:\/\/www.esteri.it\/it\/sala_stampa\/archivionotizie\/retediplomatica\/2021\/03\/francia-torna-la-rassegna-viva-il-cinema\/","title":{"rendered":"Francia, torna la rassegna \u201cViva il cinema!\u201d"},"content":{"rendered":"<p>Per il terzo anno consecutivo, l\u2019Istituto Italiano di Cultura di Parigi\u00a0collabora con \u201cViva il cinema!\u201c, festival del cinema italiano contemporaneo creato nel 2004 a Tours e dedicato alla scoperta dei nuovi talenti del cinema italiano invitando ogni anno registi rinomati e giovani registi che vengono a presentare i loro film in concorso.<\/p>\n<p>Quest\u2019anno, a causa della situazione sanitaria, il Festival vi invita a scoprire tre film online il 10, 12 e 13 marzo.<\/p>\n<p><strong>\u00a0<\/strong><\/p>\n<p align=\"center\"><img loading=\"lazy\" decoding=\"async\" src=\"https:\/\/www.esteri.it\/mae\/resource\/img\/2021\/03\/appro_viva_il_cinema.jpg\" width=\"750\" height=\"422\" alt=\"appro viva il cinema\" style=\"display: block; margin-left: auto; margin-right: auto;\" \/><\/p>\n<p><strong>Programma<\/strong><\/p>\n<p>\u00a0<\/p>\n<ul>\n<li><strong>dal 10 marzo alle 19 all\u201911 marzo alle 19<\/strong><br \/> <strong>Mio fratello rincorre i dinosauri (Italia \u2013 2019<\/strong><strong>\u2027<\/strong><strong> 102\u2019- v.o. st.f.)<\/strong><br \/> <strong>di Stefano Cipani<\/strong><br \/> La nascita di un fratellino riempie Jack di gioia. Quando i genitori gli dicono che Gio \u00e8 \u201cspeciale\u201d, Jack lo immagina come un super-eroe ma, in realt\u00e0, Gio ha la sindrome di Down. Una storia delicata e commovente, adattamento del romanzo omonimo e autobiografico di Giacomo Mazzariol.<br \/> Prenotazione:\u00a0<a href=\"https:\/\/iicparigi.esteri.it\/iic_parigi\/it\/gli_eventi\/calendario\/2021\/03\/viva-il-cinema-mon-frere-chasse.html\">iicparigi.esteri.it<br \/><\/a><a href=\"https:\/\/iicparigi.esteri.it\/iic_parigi\/it\/gli_eventi\/calendario\/2021\/03\/viva-il-cinema-mon-frere-chasse.html\"><br \/><\/a><\/li>\n<li><strong>dal 12 marzo alle 19 all\u201913 marzo alle 19<br \/> Notarangelo ladro di anime (Italia -2019 \u201384\u2019- v.o. st.f.)<br \/> di David Grieco<br \/> <\/strong>Per mezzo secolo Domenico Notarangelo ha fotografato la regione di Matera. Tra i suoi ritratti, quello di Pasolini durante le riprese de Il Vangelo secondo Matteo.<br \/> Prenotazione:\u00a0<a href=\"https:\/\/iicparigi.esteri.it\/iic_parigi\/gli_eventi\/calendario\/2021\/3\/viva-il-cinema-notarangelo-ladro.html\">iicparigi.esteri.it<br \/><\/a><\/li>\n<li><strong>dal 13 marzo alle 19 al 14 marzo alle 19<\/strong><br \/> <strong>Cosa sar\u00e0 (Italia \u2013 2020 \u2013 100\u2032- v.o st.f)<\/strong><br \/> <strong>di Francesco Bruni<\/strong><br \/> Regista senza successo, Bruno Salvati conduce una vita banale e senza soddisfazioni. Un film autobiografico, pieno d\u2019ironia e di speranza girato tra Roma e Livorno, la citt\u00e0 della sua infanzia.<br \/> Prenotazione:\u00a0<a href=\"https:\/\/iicparigi.esteri.it\/iic_parigi\/it\/gli_eventi\/calendario\/2021\/03\/viva-il-cinema-cosa-sara-un-film.html\">iicparigi.esteri.it<\/a><\/li>\n<\/ul>\n<p>\u00a0<\/p>\n<p>La visione dei film \u00e8 disponibile solo in Francia e la prenotazione \u00e8 obbligatoria. Per saperne di pi\u00f9\u00a0<a href=\"https:\/\/iicparigi.esteri.it\/iic_parigi\/it\/gli_eventi\/calendario\/2021\/03\/viva-il-cinema-le-festival-de-cinema.html\">iicparigi.esteri.it<\/a>\u00a0e\u00a0<a href=\"http:\/\/www.viva-il-cinema.com\/\" target=\"_blank\" rel=\"noopener\">viva-il-cinema.com<\/a><\/p>\n","protected":false},"excerpt":{"rendered":"Per il terzo anno consecutivo, l\u2019Istituto Italiano di Cultura di Parigi\u00a0collabora con \u201cViva il cinema!\u201c, festival del cinema italiano contemporaneo creato nel 2004 a Tours e dedicato alla scoperta dei nuovi talenti del cinema italiano invitando ogni anno registi rinomati e giovani registi che vengono a presentare i loro film in concorso. Quest\u2019anno, a causa [&hellip;]","protected":false},"author":1,"featured_media":0,"comment_status":"","ping_status":"","sticky":false,"template":"","format":"standard","meta":{"footnotes":""},"categories":[20],"tags":[32,9],"class_list":["post-58773","post","type-post","status-publish","format-standard","hentry","category-retediplomatica","tag-diplomazia-culturale","tag-europa"],"_links":{"self":[{"href":"https:\/\/www.esteri.it\/it\/wp-json\/wp\/v2\/posts\/58773","targetHints":{"allow":["GET"]}}],"collection":[{"href":"https:\/\/www.esteri.it\/it\/wp-json\/wp\/v2\/posts"}],"about":[{"href":"https:\/\/www.esteri.it\/it\/wp-json\/wp\/v2\/types\/post"}],"author":[{"embeddable":true,"href":"https:\/\/www.esteri.it\/it\/wp-json\/wp\/v2\/users\/1"}],"replies":[{"embeddable":true,"href":"https:\/\/www.esteri.it\/it\/wp-json\/wp\/v2\/comments?post=58773"}],"version-history":[{"count":0,"href":"https:\/\/www.esteri.it\/it\/wp-json\/wp\/v2\/posts\/58773\/revisions"}],"wp:attachment":[{"href":"https:\/\/www.esteri.it\/it\/wp-json\/wp\/v2\/media?parent=58773"}],"wp:term":[{"taxonomy":"category","embeddable":true,"href":"https:\/\/www.esteri.it\/it\/wp-json\/wp\/v2\/categories?post=58773"},{"taxonomy":"post_tag","embeddable":true,"href":"https:\/\/www.esteri.it\/it\/wp-json\/wp\/v2\/tags?post=58773"}],"curies":[{"name":"wp","href":"https:\/\/api.w.org\/{rel}","templated":true}]}}