{"id":58775,"date":"2021-03-03T15:03:28","date_gmt":"2021-03-03T14:03:28","guid":{"rendered":"https:\/\/www.esteri.it\/sala_stampa\/archivionotizie\/comunicati\/2021\/03\/sarajevo-il-concorso-sanremo-mladih-bih\/"},"modified":"2021-03-03T15:03:28","modified_gmt":"2021-03-03T14:03:28","slug":"sarajevo-il-concorso-sanremo-mladih-bih","status":"publish","type":"post","link":"https:\/\/www.esteri.it\/it\/sala_stampa\/archivionotizie\/retediplomatica\/2021\/03\/sarajevo-il-concorso-sanremo-mladih-bih\/","title":{"rendered":"Sarajevo, il concorso &#8220;Sanremo mladih BiH&#8221;"},"content":{"rendered":"<p>L\u2019Ambasciata d\u2019Italia a Sarajevo \u00e8 lieta di informare che domani inizier\u00e0 il concorso amatoriale &#8220;Sanremo mladih BiH&#8221;, primo concorso di questo genere organizzato a livello dell\u2019intero Paese. Su iniziativa del Primo Liceo di Sarajevo, l\u2019Ambasciata ha organizzato un mini festival che vedr\u00e0 radunati ancora una volta tutti gli studenti di italiano della Bosnia Erzegovina e i loro coetanei amanti della musica italiana. Tra tante iniziative promosse dall\u2019Ambasciata mirate a promuovere l\u2019incontro, lo scambio e il dialogo alla luce della promozione di lingua e la cultura italiana, quella che si svolger\u00e0 da gioved\u00ec 4 a domenica 7 marzo avr\u00e0 come protagonisti diciannove studenti di nove scuole di Sarajevo, Banja Luka, Mostar, Zenica e Visoko, che promuoveranno cos\u00ec la lingua e la cultura italiana.<\/p>\n<p>Gli studenti canteranno, suoneranno e si presenteranno attraverso video clip girati autonomamente, pubblicati sulla pagina Facebook dell\u2019Ambasciata &#8220;ItalyinBiH&#8221;. Una giuria composta da professionisti del settore decider\u00e0 i primi tre classificati, e chi otterr\u00e0 pi\u00f9 &#8220;like&#8221; sulla nostra pagina Facebook dal 4 al 7 marzo ricever\u00e0 un premio speciale.<\/p>\n<p>Il concorso \u00e8 lanciato congiuntamente al programma radiofonico Radio Italia, promosso dall&#8217;Ambasciata all\u2019inizio della pandemia per superare il vuoto di eventi e ora promosso da 7 stazioni in altrettante citta\u2019 della Bosnia Erzegovina, ed \u00e8 dedicato al giovane studente del I Ginnasio di Sarajevo Rijad \u0110uli\u0107, scomparso tragicamente la scorsa settimana e di cui onoriamo il ricordo assieme alla famiglia ed ai suoi amici, anche grazie ai suoi compagni di scuola, autori di molte delle canzoni in competizione.<\/p>\n<p>\u00a0<\/p>\n<p><img loading=\"lazy\" decoding=\"async\" src=\"https:\/\/www.esteri.it\/mae\/resource\/img\/2021\/03\/sanremo_bih_social.png\" width=\"750\" height=\"750\" alt=\"sanremo bih social\" style=\"display: block; margin-left: auto; margin-right: auto;\" \/><\/p>\n","protected":false},"excerpt":{"rendered":"L\u2019Ambasciata d\u2019Italia a Sarajevo \u00e8 lieta di informare che domani inizier\u00e0 il concorso amatoriale &#8220;Sanremo mladih BiH&#8221;, primo concorso di questo genere organizzato a livello dell\u2019intero Paese. Su iniziativa del Primo Liceo di Sarajevo, l\u2019Ambasciata ha organizzato un mini festival che vedr\u00e0 radunati ancora una volta tutti gli studenti di italiano della Bosnia Erzegovina e [&hellip;]","protected":false},"author":1,"featured_media":0,"comment_status":"","ping_status":"","sticky":false,"template":"","format":"standard","meta":{"footnotes":""},"categories":[20],"tags":[32,9],"class_list":["post-58775","post","type-post","status-publish","format-standard","hentry","category-retediplomatica","tag-diplomazia-culturale","tag-europa"],"_links":{"self":[{"href":"https:\/\/www.esteri.it\/it\/wp-json\/wp\/v2\/posts\/58775","targetHints":{"allow":["GET"]}}],"collection":[{"href":"https:\/\/www.esteri.it\/it\/wp-json\/wp\/v2\/posts"}],"about":[{"href":"https:\/\/www.esteri.it\/it\/wp-json\/wp\/v2\/types\/post"}],"author":[{"embeddable":true,"href":"https:\/\/www.esteri.it\/it\/wp-json\/wp\/v2\/users\/1"}],"replies":[{"embeddable":true,"href":"https:\/\/www.esteri.it\/it\/wp-json\/wp\/v2\/comments?post=58775"}],"version-history":[{"count":0,"href":"https:\/\/www.esteri.it\/it\/wp-json\/wp\/v2\/posts\/58775\/revisions"}],"wp:attachment":[{"href":"https:\/\/www.esteri.it\/it\/wp-json\/wp\/v2\/media?parent=58775"}],"wp:term":[{"taxonomy":"category","embeddable":true,"href":"https:\/\/www.esteri.it\/it\/wp-json\/wp\/v2\/categories?post=58775"},{"taxonomy":"post_tag","embeddable":true,"href":"https:\/\/www.esteri.it\/it\/wp-json\/wp\/v2\/tags?post=58775"}],"curies":[{"name":"wp","href":"https:\/\/api.w.org\/{rel}","templated":true}]}}