{"id":58782,"date":"2021-02-18T11:24:09","date_gmt":"2021-02-18T10:24:09","guid":{"rendered":"https:\/\/www.esteri.it\/sala_stampa\/archivionotizie\/comunicati\/2021\/02\/tel-aviv-viaggio-nel-melodramma-italiano\/"},"modified":"2021-02-18T11:24:09","modified_gmt":"2021-02-18T10:24:09","slug":"tel-aviv-viaggio-nel-melodramma-italiano","status":"publish","type":"post","link":"https:\/\/www.esteri.it\/it\/sala_stampa\/archivionotizie\/retediplomatica\/2021\/02\/tel-aviv-viaggio-nel-melodramma-italiano\/","title":{"rendered":"Tel Aviv, viaggio nel melodramma italiano"},"content":{"rendered":"<p>L\u2019Istituto Italiano di Cultura di Tel Aviv presenta \u201cI luoghi dell\u2019opera\u201d, una serie di incontri Zoom in italiano con il Maestro<strong>\u00a0<\/strong>Giuliana Mettini\u00a0e i solisti dell\u2019Istituto\u00a0Magnificat di Gerusalemme.<\/p>\n<p>\u201cI luoghi dell\u2019opera\u201d \u00e8 un viaggio storico-musicale attraverso alcune citt\u00e0 d\u2019Italia che furono teatro delle vicende narrate sulla scena e nei teatri che ospitarono le prime rappresentazioni di questi melodrammi.<\/p>\n<p>Inizier\u00e0 a Venezia, con il suo splendido gioiello, La Fenice, che mise in scena, tra le altre, le Prime de \u201cLa Traviata\u201d e di \u201cRigoletto\u201d di Giuseppe Verdi. Proseguir\u00e0 a Torino, al Regio, con \u201cLa Boheme\u201d e poi a Roma, al Costanzi, con la \u201cTosca\u201d del lucchese Giacomo Puccini. Passer\u00e0 poi per Napoli, al San Carlo, con \u201cLucia di Lammermoor\u201d del bergamasco Gaetano Donizetti, per concludersi al Metropolitan di New York, ma per la Prima di un\u2019opera italianissima ambientata a Firenze, sempre di Giacomo Puccini, \u201cGianni Schicchi\u201d, basata su un episodio narrato nell\u2019\u201dInferno\u201d di Dante (canto XXX). Quest\u2019ultima tappa vuole essere un piccolo contributo dell\u2019iter musicale per le celebrazioni dei 700 anni dalla morte del Sommo Poeta.<\/p>\n<p>\u00a0<\/p>\n<p align=\"center\"><img loading=\"lazy\" decoding=\"async\" src=\"https:\/\/www.esteri.it\/mae\/resource\/img\/2021\/02\/opera_tel_appro_2.jpg\" width=\"600\" height=\"400\" alt=\"opera tel appro 2\" style=\"display: block; margin-left: auto; margin-right: auto;\" \/><\/p>\n<p align=\"center\">\u00a0<\/p>\n<p>\u201cL\u2019opera \u00e8 parte integrante della cultura italiana e non andr\u00e0 mai fuori moda. Ci saranno sempre un pianoforte e una bella voce a rallegrare i nostri cuori\u201d. Con questa semplice frase, Katja Ricciarelli, famoso soprano italiano, palesa come il teatro d\u2019opera costituisca un elemento inscindibile dalla base culturale italiana e come la drammaturgia musicale faccia parte della vita stessa. Alcuni brani delle opere sopracitate sono nell\u2019orecchio di tutte le persone di ogni estrazione sociale. Questa \u00e8 la capacit\u00e0 di metacomunicazione della musica e la novit\u00e0 dell\u2019opera, nata in Italia, che unisce in s\u00e9 musica, testo ed azione.<\/p>\n<p>E come ci ricorda Platone: \u201cSe volete conoscere un popolo, dovete ascoltare la sua musica\u201d.<\/p>\n<p>Il primo incontro avr\u00e0 luogo questa sera alle 18.30 (le 17.30 in Italia), con \u201cLa Traviata\u201d di G. Verdi: per partecipare cliccare\u00a0<a href=\"https:\/\/us02web.zoom.us\/j\/83264318616?pwd=bVFwelFFVnlubVVGVktoOUpMRU5ZZz09#success\">qui.<\/a>\u00a0\u00a0<a href=\"https:\/\/us02web.zoom.us\/j\/83264318616?pwd=bVFwelFFVnlubVVGVktoOUpMRU5ZZz09#success\"><\/a><\/p>\n<p>\u00a0<\/p>\n<p align=\"center\"><img decoding=\"async\" src=\"https:\/\/www.esteri.it\/mae\/resource\/img\/2021\/02\/fenice_2.jpg\" alt=\"fenice 2\" style=\"display: block; margin-left: auto; margin-right: auto;\" \/><\/p>\n<p align=\"center\">\u00a0<\/p>\n<p align=\"center\">\u00a0<\/p>\n","protected":false},"excerpt":{"rendered":"L\u2019Istituto Italiano di Cultura di Tel Aviv presenta \u201cI luoghi dell\u2019opera\u201d, una serie di incontri Zoom in italiano con il Maestro\u00a0Giuliana Mettini\u00a0e i solisti dell\u2019Istituto\u00a0Magnificat di Gerusalemme. \u201cI luoghi dell\u2019opera\u201d \u00e8 un viaggio storico-musicale attraverso alcune citt\u00e0 d\u2019Italia che furono teatro delle vicende narrate sulla scena e nei teatri che ospitarono le prime rappresentazioni di [&hellip;]","protected":false},"author":1,"featured_media":0,"comment_status":"","ping_status":"","sticky":false,"template":"","format":"standard","meta":{"footnotes":""},"categories":[20],"tags":[32,6],"class_list":["post-58782","post","type-post","status-publish","format-standard","hentry","category-retediplomatica","tag-diplomazia-culturale","tag-mediterraneo-e-medio-oriente"],"_links":{"self":[{"href":"https:\/\/www.esteri.it\/it\/wp-json\/wp\/v2\/posts\/58782","targetHints":{"allow":["GET"]}}],"collection":[{"href":"https:\/\/www.esteri.it\/it\/wp-json\/wp\/v2\/posts"}],"about":[{"href":"https:\/\/www.esteri.it\/it\/wp-json\/wp\/v2\/types\/post"}],"author":[{"embeddable":true,"href":"https:\/\/www.esteri.it\/it\/wp-json\/wp\/v2\/users\/1"}],"replies":[{"embeddable":true,"href":"https:\/\/www.esteri.it\/it\/wp-json\/wp\/v2\/comments?post=58782"}],"version-history":[{"count":0,"href":"https:\/\/www.esteri.it\/it\/wp-json\/wp\/v2\/posts\/58782\/revisions"}],"wp:attachment":[{"href":"https:\/\/www.esteri.it\/it\/wp-json\/wp\/v2\/media?parent=58782"}],"wp:term":[{"taxonomy":"category","embeddable":true,"href":"https:\/\/www.esteri.it\/it\/wp-json\/wp\/v2\/categories?post=58782"},{"taxonomy":"post_tag","embeddable":true,"href":"https:\/\/www.esteri.it\/it\/wp-json\/wp\/v2\/tags?post=58782"}],"curies":[{"name":"wp","href":"https:\/\/api.w.org\/{rel}","templated":true}]}}