{"id":58786,"date":"2021-02-17T12:15:45","date_gmt":"2021-02-17T11:15:45","guid":{"rendered":"https:\/\/www.esteri.it\/sala_stampa\/archivionotizie\/comunicati\/2021\/02\/parigi-il-teatro-italiano-in-resistenza\/"},"modified":"2021-02-17T12:15:45","modified_gmt":"2021-02-17T11:15:45","slug":"parigi-il-teatro-italiano-in-resistenza","status":"publish","type":"post","link":"https:\/\/www.esteri.it\/it\/sala_stampa\/archivionotizie\/retediplomatica\/2021\/02\/parigi-il-teatro-italiano-in-resistenza\/","title":{"rendered":"Parigi, &#8220;il teatro italiano in resistenza&#8221;"},"content":{"rendered":"<p>L&#8217;Istituto Italiano di Cultura di Parigi presenta il ciclo\u00a0<i>1990-2020: il teatro italiano in resistenza<\/i>, una serie d&#8217;incontri online con alcuni dei protagonisti della drammaturgia italiana degli ultimi trent&#8217;anni.\u00a0Si tratta di un&#8217;iniziativa culturale\u00a0che nasce in occasione della pubblicazione dell&#8217;opera <i>1990-2020. Le th\u00e9\u00e2tre italien en r\u00e9sistance\u00a0<\/i>(Editions Th\u00e9\u00e2trales), a cura di Federica Martucci e Olivier Favier.<\/p>\n<p>\u00a0<\/p>\n<p><iframe loading=\"lazy\" width=\"560\" height=\"315\" src=\"https:\/\/www.youtube-nocookie.com\/embed\/kXSuIj-bpZI\" seamless=\"seamless\" allow=\"accelerometer; autoplay; clipboard-write; encrypted-media; gyroscope; picture-in-picture\" allowfullscreen=\"allowfullscreen\" style=\"display: block; margin-left: auto; margin-right: auto;\"><\/iframe><\/p>\n<p>\u00a0<\/p>\n<p>I due curatori della pubblicazione guideranno gli spettatori in un percorso sulle \u2018voci della drammaturgia italiana contemporanea\u2019 attraverso alcuni video-ritratti. Il primo episodio, pubblicato oggi, \u00e8 un dialogo con Fausto Paravidino, drammaturgo, attore e regista italiano. Il programma culturale si concluder\u00e0 il prossimo 30 maggio.<\/p>\n<p>\u00a0<\/p>\n<p><iframe loading=\"lazy\" width=\"560\" height=\"315\" src=\"https:\/\/www.youtube-nocookie.com\/embed\/QRIO24iuSoU\" seamless=\"seamless\" allow=\"accelerometer; autoplay; clipboard-write; encrypted-media; gyroscope; picture-in-picture\" allowfullscreen=\"allowfullscreen\" style=\"display: block; margin-left: auto; margin-right: auto;\"><\/iframe><\/p>\n<p>\u00a0<\/p>\n<p><img decoding=\"async\" src=\"https:\/\/www.esteri.it\/mae\/resource\/img\/2021\/02\/teatro_italiano.png\" alt=\"teatro italiano\" style=\"display: block; margin-left: auto; margin-right: auto;\" \/><\/p>\n","protected":false},"excerpt":{"rendered":"L&#8217;Istituto Italiano di Cultura di Parigi presenta il ciclo\u00a01990-2020: il teatro italiano in resistenza, una serie d&#8217;incontri online con alcuni dei protagonisti della drammaturgia italiana degli ultimi trent&#8217;anni.\u00a0Si tratta di un&#8217;iniziativa culturale\u00a0che nasce in occasione della pubblicazione dell&#8217;opera 1990-2020. Le th\u00e9\u00e2tre italien en r\u00e9sistance\u00a0(Editions Th\u00e9\u00e2trales), a cura di Federica Martucci e Olivier Favier. \u00a0 \u00a0 [&hellip;]","protected":false},"author":1,"featured_media":0,"comment_status":"","ping_status":"","sticky":false,"template":"","format":"standard","meta":{"footnotes":""},"categories":[20],"tags":[32,9],"class_list":["post-58786","post","type-post","status-publish","format-standard","hentry","category-retediplomatica","tag-diplomazia-culturale","tag-europa"],"_links":{"self":[{"href":"https:\/\/www.esteri.it\/it\/wp-json\/wp\/v2\/posts\/58786","targetHints":{"allow":["GET"]}}],"collection":[{"href":"https:\/\/www.esteri.it\/it\/wp-json\/wp\/v2\/posts"}],"about":[{"href":"https:\/\/www.esteri.it\/it\/wp-json\/wp\/v2\/types\/post"}],"author":[{"embeddable":true,"href":"https:\/\/www.esteri.it\/it\/wp-json\/wp\/v2\/users\/1"}],"replies":[{"embeddable":true,"href":"https:\/\/www.esteri.it\/it\/wp-json\/wp\/v2\/comments?post=58786"}],"version-history":[{"count":0,"href":"https:\/\/www.esteri.it\/it\/wp-json\/wp\/v2\/posts\/58786\/revisions"}],"wp:attachment":[{"href":"https:\/\/www.esteri.it\/it\/wp-json\/wp\/v2\/media?parent=58786"}],"wp:term":[{"taxonomy":"category","embeddable":true,"href":"https:\/\/www.esteri.it\/it\/wp-json\/wp\/v2\/categories?post=58786"},{"taxonomy":"post_tag","embeddable":true,"href":"https:\/\/www.esteri.it\/it\/wp-json\/wp\/v2\/tags?post=58786"}],"curies":[{"name":"wp","href":"https:\/\/api.w.org\/{rel}","templated":true}]}}