{"id":58803,"date":"2021-02-09T12:27:12","date_gmt":"2021-02-09T11:27:12","guid":{"rendered":"https:\/\/www.esteri.it\/sala_stampa\/archivionotizie\/comunicati\/2021\/02\/belgrado-dalla-selva-oscura-al-paradiso\/"},"modified":"2021-02-09T12:27:12","modified_gmt":"2021-02-09T11:27:12","slug":"belgrado-dalla-selva-oscura-al-paradiso","status":"publish","type":"post","link":"https:\/\/www.esteri.it\/it\/sala_stampa\/archivionotizie\/retediplomatica\/2021\/02\/belgrado-dalla-selva-oscura-al-paradiso\/","title":{"rendered":"Belgrado: \u201cDalla selva oscura al Paradiso&#8221;"},"content":{"rendered":"<p>In occasione delle celebrazioni del settecentesimo anniversario della scomparsa di Dante Alighieri (Firenze, 1265 \u2013 Ravenna, 1321), l\u2019Istituto Italiano di Cultura di Belgrado presenta l&#8217;audiolibro \u201cDalla selva oscura al Paradiso: un percorso nella Divina Commedia di Dante Alighieri in trentatr\u00e9 lingue\u201d dedicato ad una delle pi\u00f9 grandi opere letterarie di tutti i tempi. L\u2019audiolibro, realizzato dal Ministero degli Affari Esteri e della Cooperazione Internazionale, in compartecipazione con il Comune di Ravenna e in collaborazione con il Teatro delle Albe\/Ravenna Teatro, edito da Emons Audiolibri, permette di ascoltare un\u2019ampia scelta del poema in\u00a0trentatr\u00e9\u00a0lingue diverse. Patrocinato dal Comitato nazionale per le celebrazioni dantesche, dalla Societ\u00e0 Dantesca e dal Gruppo Dante dell\u2019ADI (Associazione degli Italianisti), il progetto \u00e8 stato realizzato grazie alla cura scientifica di due noti dantisti, Alberto Casadei (Universit\u00e0 di Pisa) e Sebastiana Nobili (Universit\u00e0 di Bologna-Ravenna), e alla collaborazione di trentadue Istituti Italiani di Cultura, che hanno, ciascuno, inviato la registrazione nella propria lingua di competenza di una lettura di passi scelti della\u00a0Divina Commedia\u00a0interpretati da attori locali. La versione italiana \u00e8 stata affidata a Marco Martinelli ed Ermanna Montanari del Teatro delle Albe di Ravenna, da diversi anni impegnati in un importante lavoro teatrale sull&#8217;opera dantesca.<\/p>\n<p>\u00a0<\/p>\n<p><img decoding=\"async\" src=\"https:\/\/www.esteri.it\/mae\/resource\/img\/2021\/02\/belgrado_dante_1.jpeg\" alt=\"belgrado dante 1\" style=\"display: block; margin-left: auto; margin-right: auto;\" \/><\/p>\n<p>\u00a0<\/p>\n<p>L\u2019IIC Belgrado ha curato la registrazione in serbo della lettura di passi scelti interpretati da due importanti attori serbi: Dragan Vuji\u0107 Vujke, anche in veste di regista, e Jelena Gavrilovi\u0107.\u00a0<strong>Gioved\u00ec 11 febbraio alle ore 14.00 vi sar\u00e0 una breve presentazione del progetto<\/strong>\u00a0sulla piattaforma Zoom e in streaming su Facebook con i due attori che offriranno la loro visione del progetto e ci parleranno di questa nuova esperienza nel campo degli audiolibri. All\u2019inizio della presentazione il Dott. Roberto Cincotta, direttore dell\u2019IIC Belgrado, rivolger\u00e0 un breve saluto ai partecipanti. Gli spettatori potranno rivolgere le loro domande agli attori nella sezione commenti su Facebook. Al termine della presentazione verranno pubblicati i link delle 33 versioni del poema.<\/p>\n<p>L\u2019audiolibro \u201cDalla selva oscura al Paradiso\u201d accompagna il lettore attraverso le tre cantiche dell\u2019Inferno, del Purgatorio e del Paradiso ed \u00e8 uno strumento unico nel suo genere per scoprire o riscoprire un eccezionale poema che continua non solo a suscitare\u00a0l\u2019interesse dei lettori d\u2019ogni paese, ma a nutrire l\u2019ispirazione di artisti, scrittori, musicisti, registi di cinema e di teatro.<\/p>\n<p>Tutti i versi selezionati della Divina Commedia in lingua serba sono tratti dalla traduzione di Dragan Mraovi\u0107, Divina commedia, Belgrado, Dereta, 2016 (quarta edizione).<\/p>\n<p>\u00a0<\/p>\n<p><img loading=\"lazy\" decoding=\"async\" src=\"https:\/\/www.esteri.it\/mae\/resource\/img\/2021\/02\/belgrado_dante_2.jpeg\" width=\"600\" height=\"338\" alt=\"belgrado dante 2\" style=\"display: block; margin-left: auto; margin-right: auto;\" \/><\/p>\n<p>\u00a0<\/p>\n<p><strong>\u00a0 \u00a0 \u00a0 \u00a0 \u00a0 \u00a0 \u00a0 \u00a0 \u00a0 \u00a0 \u00a0 \u00a0 \u00a0 \u00a0 \u00a0 \u00a0 \u00a0 \u00a0 \u00a0 \u00a0 \u00a0 \u00a0 \u00a0 \u00a0 \u00a0 \u00a0 \u00a0 \u00a0 \u00a0 \u00a0 \u00a0 \u00a0 \u00a0 \u00a0 \u00a0 \u00a0 \u00a0 \u00a0 \u00a0 \u00a0 \u00a0 \u00a0 \u00a0 \u00a0 \u00a0 \u00a0 \u00a0 \u00a0 \u00a0 \u00a0 \u00a0 \u00a0<\/strong><\/p>\n<p>\u00a0<\/p>\n","protected":false},"excerpt":{"rendered":"In occasione delle celebrazioni del settecentesimo anniversario della scomparsa di Dante Alighieri (Firenze, 1265 \u2013 Ravenna, 1321), l\u2019Istituto Italiano di Cultura di Belgrado presenta l&#8217;audiolibro \u201cDalla selva oscura al Paradiso: un percorso nella Divina Commedia di Dante Alighieri in trentatr\u00e9 lingue\u201d dedicato ad una delle pi\u00f9 grandi opere letterarie di tutti i tempi. L\u2019audiolibro, realizzato [&hellip;]","protected":false},"author":1,"featured_media":0,"comment_status":"","ping_status":"","sticky":false,"template":"","format":"standard","meta":{"footnotes":""},"categories":[20],"tags":[32,9],"class_list":["post-58803","post","type-post","status-publish","format-standard","hentry","category-retediplomatica","tag-diplomazia-culturale","tag-europa"],"_links":{"self":[{"href":"https:\/\/www.esteri.it\/it\/wp-json\/wp\/v2\/posts\/58803","targetHints":{"allow":["GET"]}}],"collection":[{"href":"https:\/\/www.esteri.it\/it\/wp-json\/wp\/v2\/posts"}],"about":[{"href":"https:\/\/www.esteri.it\/it\/wp-json\/wp\/v2\/types\/post"}],"author":[{"embeddable":true,"href":"https:\/\/www.esteri.it\/it\/wp-json\/wp\/v2\/users\/1"}],"replies":[{"embeddable":true,"href":"https:\/\/www.esteri.it\/it\/wp-json\/wp\/v2\/comments?post=58803"}],"version-history":[{"count":0,"href":"https:\/\/www.esteri.it\/it\/wp-json\/wp\/v2\/posts\/58803\/revisions"}],"wp:attachment":[{"href":"https:\/\/www.esteri.it\/it\/wp-json\/wp\/v2\/media?parent=58803"}],"wp:term":[{"taxonomy":"category","embeddable":true,"href":"https:\/\/www.esteri.it\/it\/wp-json\/wp\/v2\/categories?post=58803"},{"taxonomy":"post_tag","embeddable":true,"href":"https:\/\/www.esteri.it\/it\/wp-json\/wp\/v2\/tags?post=58803"}],"curies":[{"name":"wp","href":"https:\/\/api.w.org\/{rel}","templated":true}]}}