{"id":58807,"date":"2021-02-05T14:39:47","date_gmt":"2021-02-05T13:39:47","guid":{"rendered":"https:\/\/www.esteri.it\/sala_stampa\/archivionotizie\/comunicati\/2021\/02\/los-angeles-dante700-in-primo-piano-francesca-da-rimini\/"},"modified":"2021-02-05T14:39:47","modified_gmt":"2021-02-05T13:39:47","slug":"los-angeles-dante700-in-primo-piano-francesca-da-rimini","status":"publish","type":"post","link":"https:\/\/www.esteri.it\/it\/sala_stampa\/archivionotizie\/retediplomatica\/2021\/02\/los-angeles-dante700-in-primo-piano-francesca-da-rimini\/","title":{"rendered":"Los Angeles: #DANTE700, in primo piano Francesca da Rimini"},"content":{"rendered":"<p>La citt\u00e0 di Los Angeles celebra il settecentesimo anniversario della morte di Dante Alighieri (1265-1321) con una serie di iniziative organizzate dall\u2019Istituto Italiano di Cultura in coordinamento con l\u2019Ambasciata d\u2019Italia a Washington DC e sotto gli auspici dei Consolati Generali d\u2019Italia di Los Angeles e di Houston. \u00a0<\/p>\n<p>Tra queste, \u00a0 l\u2019originale serie \u2018Dante on Film\u2019<em>,\u00a0<\/em>dedicata alla figura e all\u2019opera del Sommo Poeta nel cinema. Il ciclo sar\u00e0 inaugurato il prossimo 10 febbraio, sul canale\u00a0<a href=\"https:\/\/www.youtube.com\/iicla\">Youtube dell\u2019Istituto Italiano di Cultura<\/a>, con un video sull\u2019importanza di Francesca da Rimini, tragica protagonista del V canto dell\u2019\u2019Inferno\u2019, nel cinema muto americano. Il video sar\u00e0 presentato da Massimo Ciavolella, Distinguished Professor of Italian Studies, UCLA Department of European Languages and Transcultural Studies e gi\u00e0 direttore dell\u2019UCLA Center for Medieval and Renaissance Studies. La\u00a0presentazione \u00e8\u00a0organizzata in collaborazione con il Centro Internazionale di Studi Francesca da Rimini, ed introdotta da Silvia Chiave, Console Generale d&#8217;Italia a Los Angeles.\u00a0<\/p>\n<p>\u00a0<\/p>\n<p><img loading=\"lazy\" decoding=\"async\" src=\"https:\/\/www.esteri.it\/mae\/resource\/img\/2021\/02\/francesca.jpg\" width=\"300\" height=\"300\" alt=\"francesca\" style=\"display: block; margin-left: auto; margin-right: auto;\" \/><\/p>\n<p><strong>\u00a0<\/strong><\/p>\n<p>In occasione dell\u20198 Marzo, Giornata Internazionale della Donna, l\u2019IIC ha in programma l\u2019accoglienza di alcuni studenti di UCLA per un evento planetario:<em>\u00a0\u2018Baci dal Mondo\/Worldwide Kisses\u2019<\/em><strong>\u00a0<\/strong><em>flash mob ecumenico in tributo a Dante e Francesca da Rimini<\/em>. Studenti e insegnanti di 21 universit\u00e0 dei cinque continenti reciteranno, animeranno e commenteranno, nella lingua del loro paese, i versi di Francesca del V canto, in un susseguirsi di dirette streaming diffuse attraverso i social media e un sito dedicato (bacidalmondo.com)<strong>\u00a0<\/strong>con regia e spettacolarizzazione dal Teatro Galli di Rimini. L\u2019iniziativa, dedicata ad una donna antica ma straordinariamente moderna, emblema di amore, baci ma anche di<strong>\u00a0<\/strong>libert\u00e0 e coraggio, \u00e8 progettata e organizzata dal Centro Internazionale di Studi Francesca da Rimini e promossa dai Comuni di Rimini e di Gradara.<\/p>\n<p>Il programma delle celebrazioni per Dante prosegue l\u201911 marzo con la presentazione del libro \u2018<em>Francesca Da Rimini Storia di un mito. Letteratura, arti visive e musica tra XIV E XXI secolo\u2019<\/em>\u00a0(Maggioli Editore, 2019) di Ferruccio Farina, direttore del \u00a0Centro Internazionale di Studi Francesca da Rimini. Il volume, attraverso materiali letterari e artistici mai analizzati fino ad ora, ripercorre la storia del mito di Francesca che ha affascinato e influenzato la cultura occidentale attraverso le opere poetiche, teatrali, cinematografiche, i dipinti, le sculture e le musiche di pi\u00f9 di mille artisti d\u2019ogni continente che l\u2019hanno resa celebre come emblema di libert\u00e0 e di virt\u00f9. Anche questo intervento, sar\u00e0 disponibile sul\u00a0<a href=\"https:\/\/www.youtube.com\/iicla\">canale Youtube dell\u2019Istituto<\/a>.<\/p>\n<p>Nuovo appuntamento, il 25 marzo, di \u2018Dante on Film\u2019 con \u2018Filming Italy: Dante 700\u2019,<em>\u00a0<\/em>presentato con Filming Italy Los Angeles, con un\u2019esclusiva sezione di letture dantesche da parte di ospiti d&#8217;eccezione sia dell\u2019edizione 2021 sia delle edizioni passate del festival. Il 25 marzo, fra l\u2019altro, ricorre il \u2018Danted\u00ec\u2019, l\u2019annuale \u00a0 giornata ufficiale dedicata a Dante Alighieri in Italia e nel mondo. In occasione del \u2018Danted\u00ec\u2019, e in collaborazione con la Cineteca di Bologna, verr\u00e0 presentata la proiezione online de \u2018L\u2019Inferno\u2019, film muto del 1911, introdotto da Gianluca Farinelli,\u00a0<strong>\u00a0<\/strong>Direttore della Cineteca<strong>.\u00a0<\/strong>\u00a0La rassegna \u00e8 organizzata dall\u2019Istituto Italiano di Cultura di Los Angeles con Agnus Dei Production sotto gli auspici del Consolato Generale d\u2019Italia di Los Angeles e promossa con gli Istituti Italiani di Cultura di Chicago, New York, San Francisco e Washington DC.\u00a0<\/p>\n<p>\u00a0<\/p>\n<p><strong>\u00a0 \u00a0 \u00a0 \u00a0 \u00a0 \u00a0 \u00a0 \u00a0 \u00a0 \u00a0 \u00a0 \u00a0 \u00a0 \u00a0 \u00a0 \u00a0 \u00a0 \u00a0 \u00a0 \u00a0 \u00a0 \u00a0 \u00a0 \u00a0 \u00a0 \u00a0 \u00a0 \u00a0 \u00a0 \u00a0 \u00a0 \u00a0 \u00a0\u00a0<img loading=\"lazy\" decoding=\"async\" src=\"https:\/\/www.esteri.it\/mae\/resource\/img\/2021\/02\/dante_los_angeles_appro.jpg\" width=\"600\" height=\"373\" alt=\"dante los angeles appro\" style=\"display: block; margin-left: auto; margin-right: auto;\" \/><\/strong><\/p>\n<p>\u00a0<\/p>\n<p>\u2018Danted\u00ec\u2019 vedr\u00e0 inoltre l&#8217;inaugurazione, a Los Angeles, di \u2018Drawing Dante Uno, nessuno e centomila volti\u2019: esposizione presso un palazzo del centro storico di Ravenna, a pochi passi dalla tomba del sommo poeta, di 30 opere parte delle prime quattro edizioni di\u00a0<em>Dante Plus<\/em>, mostra collettiva sul volto di Dante Alighieri a cui partecipano\u00a0alcuni artisti, fra i quali Milo Manara, Mauro Gatti, Resli Tale e Ilaria Urbinati. La retrospettiva sar\u00e0 fruibile attraverso un tour virtuale accompagnato dalla presentazione di Federico Ciattaglia, Console Generale d&#8217;Italia a Houston.<\/p>\n<p>Nel mese di aprile, \u2018Dante on Film\u2019 proseguir\u00e0 con due webinar. Il primo, in programma l\u20198 aprile: Alessandro Marianantoni, Direttore di Mediars, illustrer\u00e0 l\u2019influenza di Dante nel cinema e nella televisione attraverso degli\u00a0 intriganti collage di immagini, video e musica. Il secondo appuntamento online sar\u00e0 il 28 aprile: l\u2019artista losangelino Sandow Birk<strong>\u00a0\u00a0<\/strong>e il\u00a0 regista Sean Meredith presenteranno il loro\u00a0 &#8220;Dante&#8217;s Inferno&#8221; (2008, 76\u2019 &#8211; MoMA Film Archive permanent collection) adattamento cinematografico dell\u2019omonimo volume illustrato da Birk con testi di Marcus Sanders (Chronicle Books, 2004), a sua volta adattamento moderno dell&#8217;<em>Inferno<\/em>\u00a0di Dante.\u00a0<\/p>\n<p>\u00a0<\/p>\n","protected":false},"excerpt":{"rendered":"La citt\u00e0 di Los Angeles celebra il settecentesimo anniversario della morte di Dante Alighieri (1265-1321) con una serie di iniziative organizzate dall\u2019Istituto Italiano di Cultura in coordinamento con l\u2019Ambasciata d\u2019Italia a Washington DC e sotto gli auspici dei Consolati Generali d\u2019Italia di Los Angeles e di Houston. \u00a0 Tra queste, \u00a0 l\u2019originale serie \u2018Dante on [&hellip;]","protected":false},"author":1,"featured_media":0,"comment_status":"","ping_status":"","sticky":false,"template":"","format":"standard","meta":{"footnotes":""},"categories":[20],"tags":[397,32],"class_list":["post-58807","post","type-post","status-publish","format-standard","hentry","category-retediplomatica","tag-america-settentrionale","tag-diplomazia-culturale"],"_links":{"self":[{"href":"https:\/\/www.esteri.it\/it\/wp-json\/wp\/v2\/posts\/58807","targetHints":{"allow":["GET"]}}],"collection":[{"href":"https:\/\/www.esteri.it\/it\/wp-json\/wp\/v2\/posts"}],"about":[{"href":"https:\/\/www.esteri.it\/it\/wp-json\/wp\/v2\/types\/post"}],"author":[{"embeddable":true,"href":"https:\/\/www.esteri.it\/it\/wp-json\/wp\/v2\/users\/1"}],"replies":[{"embeddable":true,"href":"https:\/\/www.esteri.it\/it\/wp-json\/wp\/v2\/comments?post=58807"}],"version-history":[{"count":0,"href":"https:\/\/www.esteri.it\/it\/wp-json\/wp\/v2\/posts\/58807\/revisions"}],"wp:attachment":[{"href":"https:\/\/www.esteri.it\/it\/wp-json\/wp\/v2\/media?parent=58807"}],"wp:term":[{"taxonomy":"category","embeddable":true,"href":"https:\/\/www.esteri.it\/it\/wp-json\/wp\/v2\/categories?post=58807"},{"taxonomy":"post_tag","embeddable":true,"href":"https:\/\/www.esteri.it\/it\/wp-json\/wp\/v2\/tags?post=58807"}],"curies":[{"name":"wp","href":"https:\/\/api.w.org\/{rel}","templated":true}]}}