{"id":58817,"date":"2021-02-01T11:48:21","date_gmt":"2021-02-01T10:48:21","guid":{"rendered":"https:\/\/www.esteri.it\/sala_stampa\/archivionotizie\/comunicati\/2021\/02\/praga-il-czech-italian-aerospace-business-forum\/"},"modified":"2021-02-01T11:48:21","modified_gmt":"2021-02-01T10:48:21","slug":"praga-il-czech-italian-aerospace-business-forum","status":"publish","type":"post","link":"https:\/\/www.esteri.it\/it\/sala_stampa\/archivionotizie\/retediplomatica\/2021\/02\/praga-il-czech-italian-aerospace-business-forum\/","title":{"rendered":"Praga, il &#8220;Czech-Italian Aerospace Business Forum&#8221;"},"content":{"rendered":"<p>L\u2019Ambasciata d\u2019Italia a Praga e il Ministero dei Trasporti ceco organizzano il prossimo 3 febbraio, a partire dalle 10, il\u00a0<i>Czech-Italian Aerospace Business Forum.<\/i>\u00a0L\u2019evento, che si svolger\u00e0 in VTC, sar\u00e0 aperto dal\u00a0Vice Ministro dei Trasporti,\u00a0Jan Sechter. Seguiranno gli interventi del Presidente di ASI, Giorgio Saccoccia, del Presidente della\u00a0<i>Czech Space Alliance<\/i>, Petr Bare\u0161, del Presidente dell\u2019<i>Association of the Czech AeroSpace Industry<\/i>, Josef Ka\u0161par, del Vice Presidente di AMSP \u010cR, Ev\u017een Reitschl\u00e4ger, il Presidente di ASAS e rappresentante del settore industriale italiano, Lorenzo D\u2019Onghia, il Presidente di\u00a0<i>Lombardia Aerospace Cluster<\/i>, Angelo Vallerani, il Presidente del Distretto Aerospaziale Pugliese, Giuseppe Acierno. Il\u00a0<i>Business Forum<\/i>\u00a0sar\u00e0 moderato dal Direttore Generale del Ministero dei Trasporti, V\u00e1clav Kobera.<\/p>\n<p>Dopo la sessione plenaria, sar\u00e0 dato ampio spazio agli oltre\u00a045 incontri B2B virtuali.\u00a0<\/p>\n<p>L\u2019evento consentir\u00e0 di approfondire le collaborazioni gi\u00e0 esistenti e di esplorare nuove possibilit\u00e0 di partecipazione congiunta a progetti internazionali, in particolare europei, e nei Paesi terzi.\u00a0<\/p>\n<p>Le aziende italiane interessate a partecipare possono mandare un\u2019e-mail a <a href=\"mailto:commerciale.praga@esteri.it\">commerciale.praga@esteri.it<\/a>, entro le ore 13.00 di marted\u00ec 2 febbraio.<\/p>\n<p>\u00a0<\/p>\n<p><img loading=\"lazy\" decoding=\"async\" src=\"https:\/\/www.esteri.it\/mae\/resource\/img\/2021\/02\/aereo_praga.jpg\" width=\"600\" height=\"604\" alt=\"aereo praga\" style=\"display: block; margin-left: auto; margin-right: auto;\" \/><\/p>\n<p>\u00a0<\/p>\n<p>\u00a0<\/p>\n","protected":false},"excerpt":{"rendered":"L\u2019Ambasciata d\u2019Italia a Praga e il Ministero dei Trasporti ceco organizzano il prossimo 3 febbraio, a partire dalle 10, il\u00a0Czech-Italian Aerospace Business Forum.\u00a0L\u2019evento, che si svolger\u00e0 in VTC, sar\u00e0 aperto dal\u00a0Vice Ministro dei Trasporti,\u00a0Jan Sechter. Seguiranno gli interventi del Presidente di ASI, Giorgio Saccoccia, del Presidente della\u00a0Czech Space Alliance, Petr Bare\u0161, del Presidente dell\u2019Association of [&hellip;]","protected":false},"author":1,"featured_media":0,"comment_status":"","ping_status":"","sticky":false,"template":"","format":"standard","meta":{"footnotes":""},"categories":[20],"tags":[9],"class_list":["post-58817","post","type-post","status-publish","format-standard","hentry","category-retediplomatica","tag-europa"],"_links":{"self":[{"href":"https:\/\/www.esteri.it\/it\/wp-json\/wp\/v2\/posts\/58817","targetHints":{"allow":["GET"]}}],"collection":[{"href":"https:\/\/www.esteri.it\/it\/wp-json\/wp\/v2\/posts"}],"about":[{"href":"https:\/\/www.esteri.it\/it\/wp-json\/wp\/v2\/types\/post"}],"author":[{"embeddable":true,"href":"https:\/\/www.esteri.it\/it\/wp-json\/wp\/v2\/users\/1"}],"replies":[{"embeddable":true,"href":"https:\/\/www.esteri.it\/it\/wp-json\/wp\/v2\/comments?post=58817"}],"version-history":[{"count":0,"href":"https:\/\/www.esteri.it\/it\/wp-json\/wp\/v2\/posts\/58817\/revisions"}],"wp:attachment":[{"href":"https:\/\/www.esteri.it\/it\/wp-json\/wp\/v2\/media?parent=58817"}],"wp:term":[{"taxonomy":"category","embeddable":true,"href":"https:\/\/www.esteri.it\/it\/wp-json\/wp\/v2\/categories?post=58817"},{"taxonomy":"post_tag","embeddable":true,"href":"https:\/\/www.esteri.it\/it\/wp-json\/wp\/v2\/tags?post=58817"}],"curies":[{"name":"wp","href":"https:\/\/api.w.org\/{rel}","templated":true}]}}