{"id":58822,"date":"2021-01-28T11:44:05","date_gmt":"2021-01-28T10:44:05","guid":{"rendered":"https:\/\/www.esteri.it\/sala_stampa\/archivionotizie\/comunicati\/2021\/01\/kiev-giorno-della-memoria-proiettato-la-vita-e-bella\/"},"modified":"2021-01-28T11:44:05","modified_gmt":"2021-01-28T10:44:05","slug":"kiev-giorno-della-memoria-proiettato-la-vita-e-bella","status":"publish","type":"post","link":"https:\/\/www.esteri.it\/it\/sala_stampa\/archivionotizie\/retediplomatica\/2021\/01\/kiev-giorno-della-memoria-proiettato-la-vita-e-bella\/","title":{"rendered":"Kiev: Giorno della Memoria, proiettato \u201cLa vita \u00e8 bella\u201d"},"content":{"rendered":"<p>\u201cSono lieto che l\u2019Istituto Italiano di Cultura, in sinergia con la nostra Ambasciata e con la collaborazione del prestigioso Festival Internazionale del Cinema Molodist di Kiev, abbia scelto di commemorare quest\u2019anno il Giorno della Memoria con la proiezione de\u00a0<i>La vita \u00e8 bella<\/i>\u00a0di Roberto\u00a0Benigni, un film che ha ricevuto tanti premi, fra cui il Premio speciale della giuria al Festival di Cannes, nel 1998, e ben tre premi Oscar\u201d, ha affermato il Direttore dell\u2019Istituto Italiano di Cultura a Kiev Edoardo Crisafulli, il quale ha poi aggiunto: \u201csono soddisfatto della scelta di questa pellicola: il tema \u00e8 estremamente delicato, evoca ancora sofferenze indicibili, e non \u00e8 facile affrontarlo in chiave artistica. Benigni, come gli \u00e8 stato universalmente riconosciuto, ha saputo raccontarlo in modo eccezionale, coinvolgendo le emozioni degli spettatori, mediante un geniale intreccio fra comicit\u00e0 e drammaticit\u00e0. Senza mai banalizzare. A partire dal titolo apparentemente semplice, che allude a un testo di Primo Levi \u2013 \u2018Io pensavo che la vita fuori era bella, e sarebbe ancora stata bella, e sarebbe stato veramente un peccato lasciarsi sommergere adesso\u2019 (Se questo \u00e8 un uomo)\u201d, ha aggiunto il Direttore.<\/p>\n<p>\u201cIl 27 gennaio rappresenta una data molto importante, il Giorno della Memoria, istituito per legge in Italia nell\u2019anno 2000, al fine di ricordare la Shoah, le leggi razziali varate nell\u2019Italia fascista, la persecuzione italiana dei cittadini ebrei, gli italiani che hanno subito la deportazione, la prigionia, la morte. Questo Giorno ha anche lo scopo di ricordare coloro che, anche in campi e schieramenti diversi, si sono opposti all\u2019aberrante progetto di sterminio, rischiando la propria vita\u201d, ha proseguito il Direttore Crisafulli. \u201cCi\u00f2 che \u00e8 accaduto appare ancora oggi incredibile e difficile da spiegare alle nuove generazioni che vivono in un mondo cos\u00ec diverso da quello del piccolo Giosu\u00e8\u201d, ha concluso il Direttore, citando \u201ccon orgoglio\u201d il principio inderogabile in base al quale ogni uomo \u00e8 depositario di eguali e inviolabili diritti e che nessuno pu\u00f2 essere discriminato a causa del sesso, della razza, della religione, del ceto sociale sancito dalla nostra Costituzione.<\/p>\n<p>\u00a0<\/p>\n<p><img decoding=\"async\" src=\"https:\/\/www.esteri.it\/mae\/resource\/img\/2021\/01\/vita_beningi.jpg\" width=\"750\" alt=\"vita beningi\" style=\"display: block; margin-left: auto; margin-right: auto;\" \/><\/p>\n","protected":false},"excerpt":{"rendered":"\u201cSono lieto che l\u2019Istituto Italiano di Cultura, in sinergia con la nostra Ambasciata e con la collaborazione del prestigioso Festival Internazionale del Cinema Molodist di Kiev, abbia scelto di commemorare quest\u2019anno il Giorno della Memoria con la proiezione de\u00a0La vita \u00e8 bella\u00a0di Roberto\u00a0Benigni, un film che ha ricevuto tanti premi, fra cui il Premio speciale [&hellip;]","protected":false},"author":1,"featured_media":0,"comment_status":"","ping_status":"","sticky":false,"template":"","format":"standard","meta":{"footnotes":""},"categories":[20],"tags":[32,9],"class_list":["post-58822","post","type-post","status-publish","format-standard","hentry","category-retediplomatica","tag-diplomazia-culturale","tag-europa"],"_links":{"self":[{"href":"https:\/\/www.esteri.it\/it\/wp-json\/wp\/v2\/posts\/58822","targetHints":{"allow":["GET"]}}],"collection":[{"href":"https:\/\/www.esteri.it\/it\/wp-json\/wp\/v2\/posts"}],"about":[{"href":"https:\/\/www.esteri.it\/it\/wp-json\/wp\/v2\/types\/post"}],"author":[{"embeddable":true,"href":"https:\/\/www.esteri.it\/it\/wp-json\/wp\/v2\/users\/1"}],"replies":[{"embeddable":true,"href":"https:\/\/www.esteri.it\/it\/wp-json\/wp\/v2\/comments?post=58822"}],"version-history":[{"count":0,"href":"https:\/\/www.esteri.it\/it\/wp-json\/wp\/v2\/posts\/58822\/revisions"}],"wp:attachment":[{"href":"https:\/\/www.esteri.it\/it\/wp-json\/wp\/v2\/media?parent=58822"}],"wp:term":[{"taxonomy":"category","embeddable":true,"href":"https:\/\/www.esteri.it\/it\/wp-json\/wp\/v2\/categories?post=58822"},{"taxonomy":"post_tag","embeddable":true,"href":"https:\/\/www.esteri.it\/it\/wp-json\/wp\/v2\/tags?post=58822"}],"curies":[{"name":"wp","href":"https:\/\/api.w.org\/{rel}","templated":true}]}}