{"id":58824,"date":"2021-01-27T17:20:52","date_gmt":"2021-01-27T16:20:52","guid":{"rendered":"https:\/\/www.esteri.it\/sala_stampa\/archivionotizie\/comunicati\/2021\/01\/helsinki-due-documentari-per-il-giorno-della-memoria\/"},"modified":"2021-01-27T17:20:52","modified_gmt":"2021-01-27T16:20:52","slug":"helsinki-due-documentari-per-il-giorno-della-memoria","status":"publish","type":"post","link":"https:\/\/www.esteri.it\/it\/sala_stampa\/archivionotizie\/retediplomatica\/2021\/01\/helsinki-due-documentari-per-il-giorno-della-memoria\/","title":{"rendered":"Helsinki, due documentari per il Giorno della Memoria"},"content":{"rendered":"<p>Oggi, Giorno della Memoria, l&#8217;Istituto Italiano di Cultura di Helsinki commemora le vittime dell&#8217;Olocausto attraverso un doppio appuntamento online: le proiezioni del documentario \u201cTestimoni dei Testimoni\u201d e del\u00a0docufilm \u201d70072:\u00a0La bambina che non sapeva odiare\u201d.<\/p>\n<p>\u201cTestimoni dei Testimoni\u201d \u00e8 un documentario sulla Shoah commissionato dalla Farnesina, basato sulla mostra &#8220;Testimoni dei Testimoni&#8221;, tenutasi al Palazzo delle Esposizioni a Roma nel 2019.<\/p>\n<p>Il percorso nasce dall\u2019idea di alcuni studenti che hanno partecipato al Viaggio della Memoria ad Auschwitz e dalla volont\u00e0 del Comune di Roma.\u00a0Generazione Testimoni\u00a0\u00e8 il nome che si \u00e8 dato questo gruppo di giovani che nasce per prendersi carico della trasmissione della memoria dei testimoni sopravvissuti ai campi di sterminio, affinch\u00e9 l\u2019espressione &#8220;per non dimenticare&#8221; non si riduca a una formula di consolazione.<\/p>\n<p>Il documento video si fa carico di pi\u00f9 forme di memoria, le intreccia in un tessuto stratificato, simile a quello con cui si costruisce &#8220;naturalmente&#8221; la memoria personale di ognuno: immagini mute che si incaricano di mostrare il punto di non ritorno dell\u2019incontro con la realt\u00e0 indicibile di ci\u00f2 che \u00e8 stato, con il visibile ma anche con l\u2019invisibile, custodito dalle voci dei testimoni sopravvissuti, tra cui i citati Sami Modiano e Tatiana Bucci, che, insieme ad altri, hanno fisicamente incontrato gli studenti nei Viaggi della Memoria. Essi ci porgono quello che non abbiamo potuto vedere e che, senza le loro voci spezzate, si sarebbe perduto nel vischioso lago della dimenticanza. A fare da controcanto, le voci e i volti degli studenti di oggi che dichiarano la loro intenzione di salvarci proprio dalla letale dimenticanza di quanto accaduto, consapevoli che solo con l\u2019assunzione della memoria di chi ha vissuto si pu\u00f2 tentare di dare forma e sostanza all\u2019azione quotidiana che costruisce una possibilit\u00e0 di futuro che non replichi &#8220;quello che \u00e8 stato&#8221;.<\/p>\n<p align=\"center\"><img loading=\"lazy\" decoding=\"async\" src=\"https:\/\/www.esteri.it\/mae\/resource\/img\/2021\/01\/testimoni_helsinki.jpg\" width=\"400\" height=\"400\" alt=\"testimoni helsinki\" \/><\/p>\n<p>Il docufilm \u201c70072:\u00a0La bambina che non sapeva odiare\u201d dell\u2019Associazione La Memoria Viva nasce da un\u2019intervista realizzata a Cracovia con\u00a0Lidia Maksymowicz, oggi ottantenne. Nel 1943, a soli 3 anni, Maksymowicz fu deportata ad Auschwitz. Liberata il 27 gennaio 1945 dai soldati sovietici, fu data in adozione ad una famiglia polacca. Solo nel 1962 incontr\u00f2 di nuovo la madre, sopravvissuta a una delle marce della morte.<\/p>\n<p>\u00abSe dovessi vivere pensando a odio e vendetta farei danno a me stessa e alla mia anima, io sarei quella malata&#8230;l\u2019odio ucciderebbe anche me. Il compito che mi sono data sino a quando vivr\u00f2 \u00e8 quello di parlare di quanto mi \u00e8 successo. Soprattutto ai giovani, perch\u00e9 non permettano mai pi\u00f9 una cosa del genere\u00bb, afferma Lidia Maksymowicz.<\/p>\n<p>Il docufilm \u00e8 stato realizzato in collaborazione con Museo di Auschwitz, Comunit\u00e0 Ebraica di Cracovia, Associazione Treno della Memoria di Trento, Associazione La Memoria Viva \u2013 Umanit\u00e0 Senza Confini del Canavese.<\/p>\n<p align=\"center\"><iframe loading=\"lazy\" width=\"560\" height=\"315\" src=\"https:\/\/www.youtube-nocookie.com\/embed\/fd02HGwjUvo\" seamless=\"seamless\" allow=\"accelerometer; autoplay; clipboard-write; encrypted-media; gyroscope; picture-in-picture\" allowfullscreen=\"allowfullscreen\"><\/iframe><\/p>\n","protected":false},"excerpt":{"rendered":"Oggi, Giorno della Memoria, l&#8217;Istituto Italiano di Cultura di Helsinki commemora le vittime dell&#8217;Olocausto attraverso un doppio appuntamento online: le proiezioni del documentario \u201cTestimoni dei Testimoni\u201d e del\u00a0docufilm \u201d70072:\u00a0La bambina che non sapeva odiare\u201d. \u201cTestimoni dei Testimoni\u201d \u00e8 un documentario sulla Shoah commissionato dalla Farnesina, basato sulla mostra &#8220;Testimoni dei Testimoni&#8221;, tenutasi al Palazzo delle [&hellip;]","protected":false},"author":1,"featured_media":0,"comment_status":"","ping_status":"","sticky":false,"template":"","format":"standard","meta":{"footnotes":""},"categories":[20],"tags":[32,9],"class_list":["post-58824","post","type-post","status-publish","format-standard","hentry","category-retediplomatica","tag-diplomazia-culturale","tag-europa"],"_links":{"self":[{"href":"https:\/\/www.esteri.it\/it\/wp-json\/wp\/v2\/posts\/58824","targetHints":{"allow":["GET"]}}],"collection":[{"href":"https:\/\/www.esteri.it\/it\/wp-json\/wp\/v2\/posts"}],"about":[{"href":"https:\/\/www.esteri.it\/it\/wp-json\/wp\/v2\/types\/post"}],"author":[{"embeddable":true,"href":"https:\/\/www.esteri.it\/it\/wp-json\/wp\/v2\/users\/1"}],"replies":[{"embeddable":true,"href":"https:\/\/www.esteri.it\/it\/wp-json\/wp\/v2\/comments?post=58824"}],"version-history":[{"count":0,"href":"https:\/\/www.esteri.it\/it\/wp-json\/wp\/v2\/posts\/58824\/revisions"}],"wp:attachment":[{"href":"https:\/\/www.esteri.it\/it\/wp-json\/wp\/v2\/media?parent=58824"}],"wp:term":[{"taxonomy":"category","embeddable":true,"href":"https:\/\/www.esteri.it\/it\/wp-json\/wp\/v2\/categories?post=58824"},{"taxonomy":"post_tag","embeddable":true,"href":"https:\/\/www.esteri.it\/it\/wp-json\/wp\/v2\/tags?post=58824"}],"curies":[{"name":"wp","href":"https:\/\/api.w.org\/{rel}","templated":true}]}}