{"id":58838,"date":"2021-01-21T15:54:38","date_gmt":"2021-01-21T14:54:38","guid":{"rendered":"https:\/\/www.esteri.it\/sala_stampa\/archivionotizie\/comunicati\/2021\/01\/bratislava-tre-conferenze-su-de-chirico-fontana-e-cattelan\/"},"modified":"2021-01-21T15:54:38","modified_gmt":"2021-01-21T14:54:38","slug":"bratislava-tre-conferenze-su-de-chirico-fontana-e-cattelan","status":"publish","type":"post","link":"https:\/\/www.esteri.it\/it\/sala_stampa\/archivionotizie\/retediplomatica\/2021\/01\/bratislava-tre-conferenze-su-de-chirico-fontana-e-cattelan\/","title":{"rendered":"Bratislava: tre conferenze su De Chirico, Fontana e Cattelan"},"content":{"rendered":"<p>L\u2019Istituto Italiano di Cultura di Bratislava\u00a0inaugura\u00a0il prossimo 25 gennaio il nuovo ciclo di conferenze online, dedicate a dei grandi artisti moderni e contemporanei italiani, curato dall\u2019artista\u00a0Gian Luca Bianco. Il primo evento, focalizzato su\u00a0Giorgio De Chirico,\u00a0mette a confronto il punto di vista di un artista di oggi con la storia di uno moderno del secolo scorso.<\/p>\n<p>&#8220;Ci\u00f2 che serve in particolare \u00e8 una grande sensibilit\u00e0: considerare ogni cosa nel mondo come un enigma\u2026Vivere come in un immenso museo di cose strane&#8221;.\u00a0Cos\u00ec si \u00e8 espresso Giorgio De Chirico, che ha realizzato dipinti di piazze popolate da figure spettrali e ombre, unendo insieme prospettive volutamente distorte e piani inclinati. Questi claustrofobici paesaggi onirici, con la loro atmosfera di malinconia e di inquietante minaccia, hanno affascinato l&#8217;avanguardia francese degli anni 10 del XX secolo mentre in seguito hanno ispirato i Surrealisti ed altri movimenti.<\/p>\n<p>Oltre al settore dell\u2019arte, l\u2019influenza di De Chirico pu\u00f2 essere vista in tanti aspetti del mondo moderno, nelle pellicole del regista Michelangelo Antonioni, negli scatti di tanti fotografi, nella moda ed addirittura nel videogioco Ico per la Playstation 2. Mentre il romanziere Sir V. S. Naipaul ha preso in prestito il titolo di uno dei suoi dipinti,\u00a0<i>The Enigma of Arrival<\/i>\u00a0(L\u2019enigma dell\u2019arrivo), per uno dei suoi libri.<\/p>\n<p>Gli eventi di febbraio saranno invece dedicati a\u00a0Lucio Fontana\u00a0e a\u00a0Maurizio Cattelan.\u00a0<\/p>\n<p>La conferenza su De Chirico del 25 gennaio &#8211; in lingua italiana con sottotitoli in slovacco &#8211; sar\u00e0 trasmessa alle ore 20 sui canali Youtube e\u00a0<a href=\"https:\/\/www.facebook.com\/IICBratislava\/\">Facebook<\/a>\u00a0dell&#8217;IIC di Bratislava.\u00a0Per maggiori informazioni cliccare\u00a0<a href=\"https:\/\/iicbratislava.esteri.it\/iic_bratislava\/it\/gli_eventi\/calendario\/2021\/01\/giorgio-de-chirico-storie-d-arte.html\" data-mce-tmp=\"1\">qui<\/a>.<\/p>\n<p>\u00a0<\/p>\n<p><img loading=\"lazy\" decoding=\"async\" src=\"https:\/\/www.esteri.it\/mae\/resource\/img\/2021\/01\/de_chirico_teste_appro.jpg\" width=\"750\" height=\"422\" alt=\"de chirico teste appro\" style=\"display: block; margin-left: auto; margin-right: auto;\" \/><\/p>\n<p>\u00a0<\/p>\n<p>Gian Luca Bianco\u00a0(Milano, 1967) regista, artista, autore. Ha all&#8217;attivo regie di film e documentari, produzioni teatrali e la scrittura di alcuni libri. Realizza e cura mostre d\u2019arte in Italia e all&#8217;estero, recentemente si \u00e8 concentrato, dal 2016, sull&#8217;idea del frammento dal quale \u00e8 sorta un ciclo di opere denominate Imbilico, una profonda riflessione attorno al tema della distruzione e della perdita. Tale progetto \u00e8 stato presentato a Milano, Monza, Gubbio, Macerata, Perugia, Innsbruck, Barcellona, New York, Dusseldorf ecc. E\u2019 inoltre consulente artistico. Ha vissuto vari anni a New York immergendosi nella dimensione urbana di questa metropoli.<\/p>\n<p>\u00a0<\/p>\n<p><img loading=\"lazy\" decoding=\"async\" src=\"https:\/\/www.esteri.it\/mae\/resource\/img\/2021\/01\/bianco.jpeg\" width=\"750\" height=\"522\" alt=\"bianco\" style=\"display: block; margin-left: auto; margin-right: auto;\" \/><\/p>\n","protected":false},"excerpt":{"rendered":"L\u2019Istituto Italiano di Cultura di Bratislava\u00a0inaugura\u00a0il prossimo 25 gennaio il nuovo ciclo di conferenze online, dedicate a dei grandi artisti moderni e contemporanei italiani, curato dall\u2019artista\u00a0Gian Luca Bianco. Il primo evento, focalizzato su\u00a0Giorgio De Chirico,\u00a0mette a confronto il punto di vista di un artista di oggi con la storia di uno moderno del secolo scorso. [&hellip;]","protected":false},"author":1,"featured_media":0,"comment_status":"","ping_status":"","sticky":false,"template":"","format":"standard","meta":{"footnotes":""},"categories":[20],"tags":[32,9],"class_list":["post-58838","post","type-post","status-publish","format-standard","hentry","category-retediplomatica","tag-diplomazia-culturale","tag-europa"],"_links":{"self":[{"href":"https:\/\/www.esteri.it\/it\/wp-json\/wp\/v2\/posts\/58838","targetHints":{"allow":["GET"]}}],"collection":[{"href":"https:\/\/www.esteri.it\/it\/wp-json\/wp\/v2\/posts"}],"about":[{"href":"https:\/\/www.esteri.it\/it\/wp-json\/wp\/v2\/types\/post"}],"author":[{"embeddable":true,"href":"https:\/\/www.esteri.it\/it\/wp-json\/wp\/v2\/users\/1"}],"replies":[{"embeddable":true,"href":"https:\/\/www.esteri.it\/it\/wp-json\/wp\/v2\/comments?post=58838"}],"version-history":[{"count":0,"href":"https:\/\/www.esteri.it\/it\/wp-json\/wp\/v2\/posts\/58838\/revisions"}],"wp:attachment":[{"href":"https:\/\/www.esteri.it\/it\/wp-json\/wp\/v2\/media?parent=58838"}],"wp:term":[{"taxonomy":"category","embeddable":true,"href":"https:\/\/www.esteri.it\/it\/wp-json\/wp\/v2\/categories?post=58838"},{"taxonomy":"post_tag","embeddable":true,"href":"https:\/\/www.esteri.it\/it\/wp-json\/wp\/v2\/tags?post=58838"}],"curies":[{"name":"wp","href":"https:\/\/api.w.org\/{rel}","templated":true}]}}