{"id":58841,"date":"2021-01-19T13:24:01","date_gmt":"2021-01-19T12:24:01","guid":{"rendered":"https:\/\/www.esteri.it\/sala_stampa\/archivionotizie\/comunicati\/2021\/01\/istanbul-la-rassegna-visioni-sarde\/"},"modified":"2021-01-19T13:24:01","modified_gmt":"2021-01-19T12:24:01","slug":"istanbul-la-rassegna-visioni-sarde","status":"publish","type":"post","link":"https:\/\/www.esteri.it\/it\/sala_stampa\/archivionotizie\/retediplomatica\/2021\/01\/istanbul-la-rassegna-visioni-sarde\/","title":{"rendered":"Istanbul: la rassegna &#8220;Visioni sarde&#8221;"},"content":{"rendered":"<p>Torna ad Istanbul la rassegna\u00a0<i>Visioni sarde<\/i>, che, nata nel 2014, si pone l\u2019obiettivo di valorizzare il cinema e i giovani sardi in Italia e all\u2019estero e punta a diffondere le opere in vari continenti.<\/p>\n<p>&#8220;Visioni Sarde&#8221; propone quest\u2019anno una serie di cortometraggi che affrontano, con un tocco insieme nostalgico e progressista, divertito e disincantato, i temi della storia e cultura locale, della fuga e dello smarrimento (di s\u00e9 e degli altri), nonch\u00e9 dell\u2019analisi introspettiva dell\u2019animo umano. Il tutto, incastonato sullo sfondo di una Sardegna allo stesso tempo attuale e selvaggia.<\/p>\n<p>Otto i film in rassegna, che\u00a0saranno disponibili il 21 gennaio dalle ore 20 fino a mezzanotte sul canale Youtube dell\u2019IIC Istanbul:\u00a0<i>Valerio<\/i>\u00a0di Gianni Cesaraccio,\u00a0<i>L&#8217;abbraccio\u00a0<\/i>di Simone Paderi,\u00a0<i>Fragmente<\/i>\u00a0di Angelica Demurtas,\u00a0<i>Destino<\/i>\u00a0di Bonifacio Angius,\u00a0<i>Lasciami andare<\/i>\u00a0di Roberto Carta,\u00a0<i>Dakota Dynamite<\/i>\u00a0di Valerio Burli,\u00a0<i>Gabriel<\/i>\u00a0di Enrico Pau e\u00a0<i>Fogu<\/i>\u00a0di Alberta Raccis.<\/p>\n<p>I film sono in lingua originale con i sottotitoli in inglese. Non \u00e8 prevista il doppiaggio o sottotitolaggio in turco.<\/p>\n<p>\u00a0<\/p>\n<p><img loading=\"lazy\" decoding=\"async\" src=\"https:\/\/www.esteri.it\/mae\/resource\/img\/2021\/01\/locandina.jpg\" width=\"600\" height=\"750\" alt=\"locandina\" style=\"display: block; margin-left: auto; margin-right: auto;\" \/><\/p>\n<p>\u00a0<\/p>\n<p><strong>DAKOTA DYNAMITE<\/strong><\/p>\n<p>Italia, 2019, 8\u2019<\/p>\n<p>Regista: Valerio Burli<\/p>\n<p>Nel 1992, una bambina in vacanza in Sardegna viene rapita dall&#8217;Anonima Sequestri. Cercher\u00e0 l&#8217;aiuto della sua eroina di fumetti western preferita.<\/p>\n<p>\u00a0<\/p>\n<p><iframe loading=\"lazy\" width=\"560\" height=\"315\" src=\"https:\/\/www.youtube-nocookie.com\/embed\/uT89s8MKVlM\" seamless=\"seamless\" allow=\"accelerometer; autoplay; clipboard-write; encrypted-media; gyroscope; picture-in-picture\" allowfullscreen=\"allowfullscreen\" style=\"display: block; margin-left: auto; margin-right: auto;\"><\/iframe><\/p>\n<p>\u00a0<\/p>\n<p><strong>L\u2019ABBRACCIO<\/strong><\/p>\n<p>Italia, 2019, 5\u2019<\/p>\n<p>Regista: Simone Paderi<\/p>\n<p>Marina racconta la propria esperienza lavorativa: seduta su un divano, non senza difficolt\u00e0, cerca di ricordare il passato. Ma il racconto sfocia nell&#8217;emozione, un&#8217;emozione troppo forte per essere trattenuta<\/p>\n<p>\u00a0<\/p>\n<p><iframe loading=\"lazy\" width=\"560\" height=\"315\" src=\"https:\/\/www.youtube-nocookie.com\/embed\/_3Z4NEvLXWM\" seamless=\"seamless\" allow=\"accelerometer; autoplay; clipboard-write; encrypted-media; gyroscope; picture-in-picture\" allowfullscreen=\"allowfullscreen\" style=\"display: block; margin-left: auto; margin-right: auto;\"><\/iframe><\/p>\n<p>\u00a0<\/p>\n<p><strong>LASCIAMI ANDARE<\/strong><\/p>\n<p>Italia, 2019, 16\u2019<\/p>\n<p>Regista: Roberto Carta (16\u2019)<\/p>\n<p>Venanzio spera che il latitante Antonello lo faccia diventare un bandito temuto e rispettato come lui. Ma qualcosa va storto perch\u00e9 Antonello, per colpa dell&#8217;isolamento e della passione per l&#8217;astronomia, perde la testa: pensa di essere in contatto con gli alieni e una notte scappa.<\/p>\n<p>\u00a0<\/p>\n<p><iframe loading=\"lazy\" width=\"560\" height=\"315\" src=\"https:\/\/www.youtube-nocookie.com\/embed\/C0dULPjj2Ws\" seamless=\"seamless\" allow=\"accelerometer; autoplay; clipboard-write; encrypted-media; gyroscope; picture-in-picture\" allowfullscreen=\"allowfullscreen\" style=\"display: block; margin-left: auto; margin-right: auto;\"><\/iframe><\/p>\n<p>\u00a0<\/p>\n<p><strong>FOGU<\/strong><\/p>\n<p>Italia, 2019, 8\u2019<\/p>\n<p>Regista: Alberta Raccis<\/p>\n<p>Sacro e profano, riti e feste religiose che si intrecciano con il rito quotidiano del cibo. Fuoco per preparare, fuoco per purificare. l fuoco e il cibo. Riti sacri e sociali.<\/p>\n<p>\u00a0<\/p>\n<p><iframe loading=\"lazy\" width=\"560\" height=\"315\" src=\"https:\/\/www.youtube-nocookie.com\/embed\/hTGdM6RdxOk\" seamless=\"seamless\" allow=\"accelerometer; autoplay; clipboard-write; encrypted-media; gyroscope; picture-in-picture\" allowfullscreen=\"allowfullscreen\" style=\"display: block; margin-left: auto; margin-right: auto;\"><\/iframe><\/p>\n<p>\u00a0<\/p>\n<p><strong>DESTINO<\/strong><\/p>\n<p>Italia, 2019, 20\u2019<\/p>\n<p>Regista: Bonifacio Angius<\/p>\n<p>Una giornata dove il vuoto, la superstizione, l&#8217;angoscia e la paura, avranno le conferme che un uomo senza qualit\u00e0 stava cercando da tempo.<\/p>\n<p>\u00a0<\/p>\n<p><iframe loading=\"lazy\" width=\"560\" height=\"315\" src=\"https:\/\/www.youtube-nocookie.com\/embed\/3nQ5776LKvU\" seamless=\"seamless\" allow=\"accelerometer; autoplay; clipboard-write; encrypted-media; gyroscope; picture-in-picture\" allowfullscreen=\"allowfullscreen\" style=\"display: block; margin-left: auto; margin-right: auto;\"><\/iframe><\/p>\n<p>\u00a0<\/p>\n<p><strong>FRAGMENTA<\/strong><\/p>\n<p>Italia, 2019, 3\u2019<\/p>\n<p>Regista: Angelica Demurtas<\/p>\n<p>Realizzato mediante l&#8217;utilizzo di filmati d&#8217;archivio, il film simboleggia la forza dell&#8217;immaginazione e la trasmissione della memoria emotiva e familiare nel passaggio generazionale.<\/p>\n<p>\u00a0<\/p>\n<p><iframe loading=\"lazy\" width=\"560\" height=\"315\" src=\"https:\/\/www.youtube-nocookie.com\/embed\/5tRK3T0Mbvk\" seamless=\"seamless\" allow=\"accelerometer; autoplay; clipboard-write; encrypted-media; gyroscope; picture-in-picture\" allowfullscreen=\"allowfullscreen\" style=\"display: block; margin-left: auto; margin-right: auto;\"><\/iframe><\/p>\n<p>\u00a0<\/p>\n<p><strong>GABRIEL<\/strong><\/p>\n<p>Italia, 2019, 12\u2019<\/p>\n<p>Regista: Enrico Pau<\/p>\n<p>Gabriel si \u00e8 perso nel freddo. In mezzo ai boschi pieni di neve e di bellezza, la sua mente \u00e8 affollata di dubbi. Deve trovare la strada che porta alla casa di Maria e nel cammino incontra un vecchio che non pu\u00f2 aiutarlo. Questa \u00e8 una storia antica, sappiamo tutti come finisce, Gabriel sembra gi\u00e0 conoscere il futuro, tutto il dolore che attende gli uomini che verranno<\/p>\n<p>\u00a0<\/p>\n<p><iframe loading=\"lazy\" width=\"560\" height=\"315\" src=\"https:\/\/www.youtube-nocookie.com\/embed\/sDjV1PGR_F8\" seamless=\"seamless\" allow=\"accelerometer; autoplay; clipboard-write; encrypted-media; gyroscope; picture-in-picture\" allowfullscreen=\"allowfullscreen\" style=\"display: block; margin-left: auto; margin-right: auto;\"><\/iframe><\/p>\n<p>\u00a0<\/p>\n<p><strong>VALERIO<\/strong><\/p>\n<p>Italia, 2018, 15\u2019<\/p>\n<p>Regista: Gianni Cesaraccio<\/p>\n<p>Valerio \u00e8 una carogna. Vive di espedienti, sotterfugi, \u00e8 estraneo al figlio e alla famiglia rimasta. Quando scopre che \u00e8 il compleanno della nipote, farle un bel regalo sembra la sua unica aspirazione. Una carogna, per\u00f2, resta sempre tale.<\/p>\n<p>\u00a0<\/p>\n<p><iframe loading=\"lazy\" width=\"560\" height=\"315\" src=\"https:\/\/www.youtube-nocookie.com\/embed\/WGkt6h4lOA8\" seamless=\"seamless\" allow=\"accelerometer; autoplay; clipboard-write; encrypted-media; gyroscope; picture-in-picture\" allowfullscreen=\"allowfullscreen\" style=\"display: block; margin-left: auto; margin-right: auto;\"><\/iframe><\/p>\n","protected":false},"excerpt":{"rendered":"Torna ad Istanbul la rassegna\u00a0Visioni sarde, che, nata nel 2014, si pone l\u2019obiettivo di valorizzare il cinema e i giovani sardi in Italia e all\u2019estero e punta a diffondere le opere in vari continenti. &#8220;Visioni Sarde&#8221; propone quest\u2019anno una serie di cortometraggi che affrontano, con un tocco insieme nostalgico e progressista, divertito e disincantato, i [&hellip;]","protected":false},"author":1,"featured_media":0,"comment_status":"","ping_status":"","sticky":false,"template":"","format":"standard","meta":{"footnotes":""},"categories":[20],"tags":[32,6],"class_list":["post-58841","post","type-post","status-publish","format-standard","hentry","category-retediplomatica","tag-diplomazia-culturale","tag-mediterraneo-e-medio-oriente"],"_links":{"self":[{"href":"https:\/\/www.esteri.it\/it\/wp-json\/wp\/v2\/posts\/58841","targetHints":{"allow":["GET"]}}],"collection":[{"href":"https:\/\/www.esteri.it\/it\/wp-json\/wp\/v2\/posts"}],"about":[{"href":"https:\/\/www.esteri.it\/it\/wp-json\/wp\/v2\/types\/post"}],"author":[{"embeddable":true,"href":"https:\/\/www.esteri.it\/it\/wp-json\/wp\/v2\/users\/1"}],"replies":[{"embeddable":true,"href":"https:\/\/www.esteri.it\/it\/wp-json\/wp\/v2\/comments?post=58841"}],"version-history":[{"count":0,"href":"https:\/\/www.esteri.it\/it\/wp-json\/wp\/v2\/posts\/58841\/revisions"}],"wp:attachment":[{"href":"https:\/\/www.esteri.it\/it\/wp-json\/wp\/v2\/media?parent=58841"}],"wp:term":[{"taxonomy":"category","embeddable":true,"href":"https:\/\/www.esteri.it\/it\/wp-json\/wp\/v2\/categories?post=58841"},{"taxonomy":"post_tag","embeddable":true,"href":"https:\/\/www.esteri.it\/it\/wp-json\/wp\/v2\/tags?post=58841"}],"curies":[{"name":"wp","href":"https:\/\/api.w.org\/{rel}","templated":true}]}}