{"id":58843,"date":"2021-01-18T14:28:16","date_gmt":"2021-01-18T13:28:16","guid":{"rendered":"https:\/\/www.esteri.it\/sala_stampa\/archivionotizie\/comunicati\/2021\/01\/felliniana-un-omaggio-al-grande-regista\/"},"modified":"2021-01-18T14:28:16","modified_gmt":"2021-01-18T13:28:16","slug":"felliniana-un-omaggio-al-grande-regista","status":"publish","type":"post","link":"https:\/\/www.esteri.it\/it\/sala_stampa\/archivionotizie\/retediplomatica\/2021\/01\/felliniana-un-omaggio-al-grande-regista\/","title":{"rendered":"&#8220;Felliniana&#8221;, un omaggio al grande regista"},"content":{"rendered":"<p>Sar\u00e0 presentata\u00a0in anteprima il 20 gennaio 2021, alle ore 21.00, sulla piattaforma\u00a0<a href=\"http:\/\/www.teatrinellarete.it\">www.teatrinellarete.it<\/a>, la registrazione in streaming presso il\u00a0Teatro Galli di Rimini\u00a0di\u00a0&#8220;FELLINIANA\u00a0\u2013\u00a0Omaggio a Fellini&#8221;, una produzione della\u00a0compagnia Artemis Danza\u00a0realizzata con il sostegno del\u00a0Comune di Rimini\u00a0e la collaborazione del\u00a0teatro Municipale di Piacenza\u00a0e del\u00a0teatro Comunale di Bologna, nonch\u00e9\u00a0degli\u00a0Istituti italiani di cultura di Praga, Chicago, Hong Kong, Jakarta, Tunisi e Zurigo,\u00a0con il contributo del\u00a0MIBACT\u00a0e dell\u2019Assessorato alla Cultura della Regione Emilia Romagna.\u00a0Inizialmente pensato quale evento di chiusura per il centenario felliniano celebrato nel 2020 e poi posticipato per le restrizioni legate\u00a0all\u2019emergenza sanitaria, lo spettacolo sar\u00e0 presentato in\u00a0prima assoluta\u00a0nel giorno del 101esimo anniversario della nascita di Federico Fellini, tra le iniziative che\u00a0accompagnano l\u2019inaugurazione\u00a0&#8211; prevista in primavera &#8211; del Museo internazionale\u00a0che la citt\u00e0 di Rimini dedicher\u00e0 al regista.<br \/>Uno spettacolo che rievoca attraverso le coreografie di Monica Casadei l\u2019universo del\u00a0grande Maestro e dei\u00a0suoi film pi\u00f9 celebri. Gli artisti si confrontano con la danza e col\u00a0circo contemporaneo, col sogno e col mondo reale, accompagnati dalle musiche composte da Nino Rota per Federico Fellini. Coreografie euforiche, virtuosismi e una\u00a0irresistibile umanit\u00e0 animano questo spettacolo rendendolo un manifesto poetico che celebra la storia del cinema e della musica italiana.<\/p>\n<p>\u00a0<\/p>\n<p style=\"text-align: center;\"><img loading=\"lazy\" decoding=\"async\" src=\"https:\/\/www.esteri.it\/mae\/resource\/img\/2021\/01\/felliniana_1_appro.jpeg\" width=\"750\" height=\"498\" alt=\"felliniana 1 appro\" style=\"display: block; margin-left: auto; margin-right: auto;\" \/><\/p>\n<p style=\"text-align: center;\">\u00a0<\/p>\n<p style=\"text-align: justify;\">Come sottolineato da Monica Casadei,\u00a0Felliniana\u00a0si articola attorno alla kermesse di\u00a08 1\u20442\u00a0e vive delle gioie e delle speranze dei clown, delle confidenze della Gradisca, delle voci e dei dialoghi tratti dai film, del profumo della dolce vita, dei colori del circo e della potenza poetica di Nino Rota, delineando \u201cun\u2019idea di mondo dove la diversit\u00e0 \u00e8 ricchezza, la poesia \u00e8 nutrimento e\u00a0tutti gli esseri umani, con le loro fragilit\u00e0 e\u00a0divergenze, possono sentirsi liberi e\u00a0benvoluti perch\u00e9 per ognuno di loro il grande\u00a0Maestro ha disegnato un posto nella giostra della vita\u201d.<br \/>Lo spettacolo sar\u00e0 disponibile online fino al 27 gennaio.<br \/>Monica Casadei, eclettica coreografa emiliana formatasi fra Italia, Inghilterra, Francia e vari soggiorni in Oriente: nella sua ricerca artistica sono fondamentali la\u00a0contaminazione con differenti territori artistici, culturali e geografici, e l\u2019esplorazione di\u00a0luoghi e spazi urbani che divengono teatro di azioni performative. La coreografa fonda in Francia la\u00a0compagnia Artemis Danza,\u00a0con la quale si trasferisce in Italia\u00a0nel 1997 dando vita a un\u2019intensa attivit\u00e0 di produzione. Dal 1998 al 2007 la Compagnia \u00e8 in residenza alla Fondazione Teatro Due di Parma, mentre dal 2014 \u00e8\u00a0in residenza artistica al Teatro Comunale di Bologna.<\/p>\n<p>\u00a0<\/p>\n<p style=\"text-align: center;\"><img loading=\"lazy\" decoding=\"async\" src=\"https:\/\/www.esteri.it\/mae\/resource\/img\/2021\/01\/felliniana_2.jpeg\" width=\"750\" height=\"498\" alt=\"felliniana 2\" style=\"display: block; margin-left: auto; margin-right: auto;\" \/><\/p>\n<div style=\"text-align: center;\">\u00a0<\/div>\n<div style=\"text-align: center;\">20 gennaio ore 21.00<\/div>\n<div style=\"text-align: center;\">in streaming dal Teatro Galli di Rimini<\/div>\n<div style=\"text-align: center;\">sulla piattaforma\u00a0www.teatrinellarete.it<\/div>\n<div style=\"text-align: center;\">Palcoscenici in streaming &#8211; progetto di ATER Fondazione<\/div>\n<div style=\"text-align: center;\">coreografia, regia, scene e luci\u00a0Monica Casadei<\/div>\n<div style=\"text-align: center;\">musiche\u00a0Nino Rota<\/div>\n<div style=\"text-align: center;\">costumi\u00a0Daniela Usai<\/div>\n<div style=\"text-align: center;\">danza\u00a0Samuele Arisci, Michelle Atoe, Jessica D&#8217;Angelo, Silvia Di Stazio, Costanza Leporatti, Mattia Molini, Teresa Morisano, Christian Pellino, Salvatore Sciancalepore, Danilo Smedile, Alessia Stradiotti, Davide Tagliavini<\/div>\n<div style=\"text-align: center;\">trampoli\u00a0Dino Serra, Elisa Vignolo<\/div>\n<div style=\"text-align: center;\">danza aerea\u00a0Amalia Ruocco<\/div>\n<div style=\"text-align: center;\">giocoleria e roue cyr\u00a0Andrea Brunetto\u00a0performance\u00a0Filodrammatica Lele Marini &#8211; Marco Giorgi, Teresa Gnoli, Liana Mussoni, Elisabetta Zani<\/div>\n<div style=\"text-align: center;\">ricerca e selezione musicale, assistente ripetitore\u00a0Davide Tagliavini\u00a0sound supervisor\u00a0Luca Vianini<\/div>\n<div style=\"text-align: center;\">assistenti alla produzione\u00a0Mattia Molini e Michelle Atoe<\/div>\n<div style=\"text-align: center;\">si ringrazia per la consulenza artistica\u00a0Mario Gumina<\/div>\n<div style=\"text-align: center;\">per la registrazione sonora\u00a0Francesco Marchi<\/div>\n<div style=\"text-align: center;\">per la sartoria\u00a0Elena Nunziata<\/div>\n<div style=\"text-align: center;\">si ringrazia\u00a0Teatro L\u2019Attesa di Sant\u2019Ilario d\u2019Enza\u00a0per la residenza artistica, Ciclofficina Rimini, Bike Park Rimini\u00a0per gli oggetti scenici<\/div>\n<div style=\"text-align: center;\">produzione\u00a0Compagnia Artemis Danza<\/div>\n<div style=\"text-align: center;\">con il sostegno di\u00a0Comune di Rimini\u00a0e il patrocinio<\/div>\n<div style=\"text-align: center;\">di\u00a0Fellini 100 &#8211; Celebrazioni per il Centenario di Federico Fellini<\/div>\n","protected":false},"excerpt":{"rendered":"Sar\u00e0 presentata\u00a0in anteprima il 20 gennaio 2021, alle ore 21.00, sulla piattaforma\u00a0www.teatrinellarete.it, la registrazione in streaming presso il\u00a0Teatro Galli di Rimini\u00a0di\u00a0&#8220;FELLINIANA\u00a0\u2013\u00a0Omaggio a Fellini&#8221;, una produzione della\u00a0compagnia Artemis Danza\u00a0realizzata con il sostegno del\u00a0Comune di Rimini\u00a0e la collaborazione del\u00a0teatro Municipale di Piacenza\u00a0e del\u00a0teatro Comunale di Bologna, nonch\u00e9\u00a0degli\u00a0Istituti italiani di cultura di Praga, Chicago, Hong Kong, Jakarta, Tunisi [&hellip;]","protected":false},"author":1,"featured_media":0,"comment_status":"","ping_status":"","sticky":false,"template":"","format":"standard","meta":{"footnotes":""},"categories":[20],"tags":[32],"class_list":["post-58843","post","type-post","status-publish","format-standard","hentry","category-retediplomatica","tag-diplomazia-culturale"],"_links":{"self":[{"href":"https:\/\/www.esteri.it\/it\/wp-json\/wp\/v2\/posts\/58843","targetHints":{"allow":["GET"]}}],"collection":[{"href":"https:\/\/www.esteri.it\/it\/wp-json\/wp\/v2\/posts"}],"about":[{"href":"https:\/\/www.esteri.it\/it\/wp-json\/wp\/v2\/types\/post"}],"author":[{"embeddable":true,"href":"https:\/\/www.esteri.it\/it\/wp-json\/wp\/v2\/users\/1"}],"replies":[{"embeddable":true,"href":"https:\/\/www.esteri.it\/it\/wp-json\/wp\/v2\/comments?post=58843"}],"version-history":[{"count":0,"href":"https:\/\/www.esteri.it\/it\/wp-json\/wp\/v2\/posts\/58843\/revisions"}],"wp:attachment":[{"href":"https:\/\/www.esteri.it\/it\/wp-json\/wp\/v2\/media?parent=58843"}],"wp:term":[{"taxonomy":"category","embeddable":true,"href":"https:\/\/www.esteri.it\/it\/wp-json\/wp\/v2\/categories?post=58843"},{"taxonomy":"post_tag","embeddable":true,"href":"https:\/\/www.esteri.it\/it\/wp-json\/wp\/v2\/tags?post=58843"}],"curies":[{"name":"wp","href":"https:\/\/api.w.org\/{rel}","templated":true}]}}