{"id":58847,"date":"2021-01-13T11:30:43","date_gmt":"2021-01-13T10:30:43","guid":{"rendered":"https:\/\/www.esteri.it\/sala_stampa\/archivionotizie\/comunicati\/2021\/01\/chongqing-il-concerto-dei-capodanni\/"},"modified":"2021-01-13T11:30:43","modified_gmt":"2021-01-13T10:30:43","slug":"chongqing-il-concerto-dei-capodanni","status":"publish","type":"post","link":"https:\/\/www.esteri.it\/it\/sala_stampa\/archivionotizie\/retediplomatica\/2021\/01\/chongqing-il-concerto-dei-capodanni\/","title":{"rendered":"Chongqing: il &#8220;Concerto dei Capodanni&#8221;"},"content":{"rendered":"<p>Luned\u00ec 11 gennaio si \u00e8 tenuto, presso il Guotai Art Center della Municipalit\u00e0 di Chongqing,\u00a0l\u2019evento \u201cConcerto\u00a0dei Capodanni &#8211; Celebrazioni per il 2021 e\u00a0l\u2019Anno\u00a0del\u00a0Bue\u201d, esibizione musicale pensata per celebrare le relazioni Italia-Cina in occasione del nuovo anno.<\/p>\n<p>Organizzato\u00a0dal Consolato Generale d\u2019Italia a Chongqing, con il supporto di Chongqing Guotai Art Center, l\u2019evento ha visto la partecipazione di esponenti delle autorit\u00e0 e dei media\u00a0locali, delle rappresentanze consolari straniere a Chongqing e della comunit\u00e0 italiana.<\/p>\n<p>\u00a0<\/p>\n<p><img loading=\"lazy\" decoding=\"async\" src=\"https:\/\/www.esteri.it\/mae\/resource\/img\/2021\/01\/capodanni_1.jpeg\" width=\"400\" height=\"264\" alt=\"capodanni 1\" style=\"display: block; margin-left: auto; margin-right: auto;\" \/><\/p>\n<p>\u00a0<\/p>\n<p>\u201cNell\u2019anno\u00a0appena concluso, in cui si \u00e8 celebrato il cinquantenario dello stabilimento delle relazioni diplomatiche sino-italiane, i nostri due Paesi si sono trovati ad affrontare molte sfide\u201d,\u00a0ha affermato il Console Generale Guido Bilancini nel suo discorso di apertura,\u00a0\u201ce ci\u00f2 ha consentito di consolidare ulteriormente i rapporti di collaborazione in settori strategici\u201d.<\/p>\n<p>Il Console Generale ha poi sottolineato\u00a0l\u2019importanza\u00a0che le cooperazioni in ambito musicale rivestono nelle relazioni tra Italia e Cina, considerate due vere e proprie\u00a0\u201csuperpotenze culturali\u201d.<\/p>\n<p>\u00a0<\/p>\n<p><img loading=\"lazy\" decoding=\"async\" src=\"https:\/\/www.esteri.it\/mae\/resource\/img\/2021\/01\/capodanni_2.jpeg\" width=\"400\" height=\"267\" alt=\"capodanni 2\" style=\"display: block; margin-left: auto; margin-right: auto;\" \/><\/p>\n<p>\u00a0<\/p>\n<p>Conclusi i discorsi ufficiali, si \u00e8 dato il via alla performance musicale, diretta dal Maestro Roberto Fiore, musicista e direttore\u00a0d\u2019orchestra\u00a0napoletano con una lunga esperienza in Cina e in altri Paesi del mondo, e dal Maestro Zhou Shenghong, direttore permanente\u00a0dell\u2019Orchestra\u00a0Sinfonica e\u00a0dell\u2019Opera\u00a0di Chongqing e\u00a0dell\u2019Orchestra\u00a0Sinfonica di Xiamen.<\/p>\n<p>La prima parte del concerto si \u00e8 focalizzata sulla musica tradizionale cinese con i classici brani di Capodanno, come Festival Prelude e Ages of burning passion.<\/p>\n<p>La musica italiana \u00e8 stata invece protagonista della seconda parte, con una presentazione di brani del periodo che va dal Barocco fino al ventesimo secolo.<\/p>\n<p>\u00a0<\/p>\n<p><img loading=\"lazy\" decoding=\"async\" src=\"https:\/\/www.esteri.it\/mae\/resource\/img\/2021\/01\/capodanni_3.jpg\" width=\"400\" height=\"267\" alt=\"capodanni 3\" style=\"display: block; margin-left: auto; margin-right: auto;\" \/><\/p>\n<p>\u00a0<\/p>\n<p>\u00a0<\/p>\n","protected":false},"excerpt":{"rendered":"Luned\u00ec 11 gennaio si \u00e8 tenuto, presso il Guotai Art Center della Municipalit\u00e0 di Chongqing,\u00a0l\u2019evento \u201cConcerto\u00a0dei Capodanni &#8211; Celebrazioni per il 2021 e\u00a0l\u2019Anno\u00a0del\u00a0Bue\u201d, esibizione musicale pensata per celebrare le relazioni Italia-Cina in occasione del nuovo anno. Organizzato\u00a0dal Consolato Generale d\u2019Italia a Chongqing, con il supporto di Chongqing Guotai Art Center, l\u2019evento ha visto la partecipazione [&hellip;]","protected":false},"author":1,"featured_media":0,"comment_status":"","ping_status":"","sticky":false,"template":"","format":"standard","meta":{"footnotes":""},"categories":[20],"tags":[45,32],"class_list":["post-58847","post","type-post","status-publish","format-standard","hentry","category-retediplomatica","tag-asia-e-oceania","tag-diplomazia-culturale"],"_links":{"self":[{"href":"https:\/\/www.esteri.it\/it\/wp-json\/wp\/v2\/posts\/58847","targetHints":{"allow":["GET"]}}],"collection":[{"href":"https:\/\/www.esteri.it\/it\/wp-json\/wp\/v2\/posts"}],"about":[{"href":"https:\/\/www.esteri.it\/it\/wp-json\/wp\/v2\/types\/post"}],"author":[{"embeddable":true,"href":"https:\/\/www.esteri.it\/it\/wp-json\/wp\/v2\/users\/1"}],"replies":[{"embeddable":true,"href":"https:\/\/www.esteri.it\/it\/wp-json\/wp\/v2\/comments?post=58847"}],"version-history":[{"count":0,"href":"https:\/\/www.esteri.it\/it\/wp-json\/wp\/v2\/posts\/58847\/revisions"}],"wp:attachment":[{"href":"https:\/\/www.esteri.it\/it\/wp-json\/wp\/v2\/media?parent=58847"}],"wp:term":[{"taxonomy":"category","embeddable":true,"href":"https:\/\/www.esteri.it\/it\/wp-json\/wp\/v2\/categories?post=58847"},{"taxonomy":"post_tag","embeddable":true,"href":"https:\/\/www.esteri.it\/it\/wp-json\/wp\/v2\/tags?post=58847"}],"curies":[{"name":"wp","href":"https:\/\/api.w.org\/{rel}","templated":true}]}}