{"id":58857,"date":"2020-12-22T16:52:13","date_gmt":"2020-12-22T15:52:13","guid":{"rendered":"https:\/\/www.esteri.it\/sala_stampa\/archivionotizie\/comunicati\/2020\/12\/tel-aviv-il-concerto-di-natale-del-magnificat-vocal-ensemble\/"},"modified":"2020-12-22T16:52:13","modified_gmt":"2020-12-22T15:52:13","slug":"tel-aviv-il-concerto-di-natale-del-magnificat-vocal-ensemble","status":"publish","type":"post","link":"https:\/\/www.esteri.it\/it\/sala_stampa\/archivionotizie\/retediplomatica\/2020\/12\/tel-aviv-il-concerto-di-natale-del-magnificat-vocal-ensemble\/","title":{"rendered":"Tel Aviv: il concerto di Natale del Magnificat Vocal Ensemble"},"content":{"rendered":"<p>In occasione delle festivit\u00e0 natalizie il Magnificat Vocal Ensemble, diretto da Giuliana Mettini, si \u00e8 esibito lo scorso 21 dicembre in un concerto di canti che ha incluso nel programma anche diversi brani del repertorio natalizio italiano e internazionale. Il concerto \u00e8 stato registrato presso la Residenza dell\u2019Ambasciatore d\u2019Italia in Israele ed \u00e8 visibile sul canale YouTube dell\u2019Istituto Italiano di Cultura di Tel Aviv.<\/p>\n<p>L\u2019Istituto di Musica Magnificat della Custodia di Terra Santa in Gerusalemme\u00a0\u00e8 un centro di eccellenza nell\u2019insegnamento e nella prassi della musica; \u00e8 legato al Conservatorio di Musica &#8220;A. Pedrollo&#8221; di Vicenza da una convenzione di collaborazione, in virt\u00f9 della quale l\u2019Istituto ha adottato i programmi del Conservatorio per tutti i livelli di insegnamento di base. Attualmente la Scuola conta circa 200 allievi e 28 insegnanti, di differenti origini, Cristiani, Musulmani ed Ebrei.<\/p>\n<p><iframe loading=\"lazy\" width=\"560\" height=\"315\" src=\"https:\/\/www.youtube-nocookie.com\/embed\/lRxSHIGlrBs\" seamless=\"seamless\" allow=\"accelerometer; autoplay; clipboard-write; encrypted-media; gyroscope; picture-in-picture\" allowfullscreen=\"allowfullscreen\" style=\"display: block; margin-left: auto; margin-right: auto;\"><\/iframe><\/p>\n<p><strong><br \/>Giuliana Mettini<\/strong>, soprano e storica del melodramma, \u00e8 attualmente docente e vice direttrice dell\u2019Istituto Magnificat. Dopo gli studi presso il Conservatorio A. Boito di Parma, al Mozarteum di Salisburgo e al Conservatorio di Tel Aviv, ha partecipato in qualit\u00e0 di attrice cantante a numerose produzioni musicali internazionali presso importanti istituzioni\u00a0sia in Italia che all\u2019estero fra cui il Teatro Farnese di Parma, il Teatro de La Pergola di Firenze, il Ravenna Festival, il Cantiere Internazionale d\u2019Arte di Montepulciano, il Festival di Echternach, il Festival di Bielefeld, Theatre National di Bruxelles. Si \u00e8 esibita in diverse Tourn\u00e9es internazionali negli Stati Uniti, in Israele, Belgio, Lussemburgo, Francia, Germania. Tiene workshop di vocalit\u00e0 per attori, cantanti e danzatori, sia in Italia che all\u2019estero, anche in Israele.<\/p>\n<p align=\"center\"><img loading=\"lazy\" decoding=\"async\" src=\"https:\/\/www.esteri.it\/mae\/resource\/img\/2020\/12\/foto_magnificat_appro.jpg\" width=\"500\" height=\"375\" alt=\"foto magnificat appro\" \/><\/p>\n","protected":false},"excerpt":{"rendered":"In occasione delle festivit\u00e0 natalizie il Magnificat Vocal Ensemble, diretto da Giuliana Mettini, si \u00e8 esibito lo scorso 21 dicembre in un concerto di canti che ha incluso nel programma anche diversi brani del repertorio natalizio italiano e internazionale. Il concerto \u00e8 stato registrato presso la Residenza dell\u2019Ambasciatore d\u2019Italia in Israele ed \u00e8 visibile sul [&hellip;]","protected":false},"author":1,"featured_media":0,"comment_status":"","ping_status":"","sticky":false,"template":"","format":"standard","meta":{"footnotes":""},"categories":[20],"tags":[32,6],"class_list":["post-58857","post","type-post","status-publish","format-standard","hentry","category-retediplomatica","tag-diplomazia-culturale","tag-mediterraneo-e-medio-oriente"],"_links":{"self":[{"href":"https:\/\/www.esteri.it\/it\/wp-json\/wp\/v2\/posts\/58857","targetHints":{"allow":["GET"]}}],"collection":[{"href":"https:\/\/www.esteri.it\/it\/wp-json\/wp\/v2\/posts"}],"about":[{"href":"https:\/\/www.esteri.it\/it\/wp-json\/wp\/v2\/types\/post"}],"author":[{"embeddable":true,"href":"https:\/\/www.esteri.it\/it\/wp-json\/wp\/v2\/users\/1"}],"replies":[{"embeddable":true,"href":"https:\/\/www.esteri.it\/it\/wp-json\/wp\/v2\/comments?post=58857"}],"version-history":[{"count":0,"href":"https:\/\/www.esteri.it\/it\/wp-json\/wp\/v2\/posts\/58857\/revisions"}],"wp:attachment":[{"href":"https:\/\/www.esteri.it\/it\/wp-json\/wp\/v2\/media?parent=58857"}],"wp:term":[{"taxonomy":"category","embeddable":true,"href":"https:\/\/www.esteri.it\/it\/wp-json\/wp\/v2\/categories?post=58857"},{"taxonomy":"post_tag","embeddable":true,"href":"https:\/\/www.esteri.it\/it\/wp-json\/wp\/v2\/tags?post=58857"}],"curies":[{"name":"wp","href":"https:\/\/api.w.org\/{rel}","templated":true}]}}