{"id":58863,"date":"2020-12-18T14:46:59","date_gmt":"2020-12-18T13:46:59","guid":{"rendered":"https:\/\/www.esteri.it\/sala_stampa\/archivionotizie\/comunicati\/2020\/12\/kiev-il-canzoniere-terrestre-di-daniele-sepe\/"},"modified":"2020-12-18T14:46:59","modified_gmt":"2020-12-18T13:46:59","slug":"kiev-il-canzoniere-terrestre-di-daniele-sepe","status":"publish","type":"post","link":"https:\/\/www.esteri.it\/it\/sala_stampa\/archivionotizie\/retediplomatica\/2020\/12\/kiev-il-canzoniere-terrestre-di-daniele-sepe\/","title":{"rendered":"Kiev, il Canzoniere Terrestre di Daniele Sepe"},"content":{"rendered":"<p>L\u2019Ambasciata d\u2019Italia a Kiev e l\u2019Istituto Italiano di Cultura presentano\u00a0il concerto\u00a0&#8220;Canzoniere Terrestre&#8221; di Daniele Sepe e della sua band. Il video-concerto, che sar\u00e0 trasmesso sulla\u00a0<a href=\"https:\/\/www.facebook.com\/IstitutoculturaKiev\/#_=_\">pagina Facebook<\/a>\u00a0dell&#8217;Istituto questa sera alle 19:00 ora locale (le 18 in Italia), \u00e8 un mix di musica internazionale, musica tradizionale e popolare italiana e jazz. &#8220;Canzoniere Terrestre&#8221; \u00e8 organizzato dall\u2019Istituto Italiano di Cultura di Kiev in collaborazione con New Age Productions presso Kooperativ di Kiev, ed \u00e8 parte del progetto \u201cSuoni Italiani\u201d, il cui scopo \u00e8 far conoscere in tutto il mondo i nomi e le formazioni pi\u00f9 importanti e innovative della musica pop, folk e jazz italiana.<\/p>\n<p>\u201cSono lieto di presentare questa sera al pubblico ucraino\u00a0<i>Canzoniere Terrestre<\/i>, il concerto di Daniele Sepe e della sua band, realizzato in differita appositamente per l\u2019Ucraina ed organizzato dall\u2019Istituto Italiano di Cultura di Kiev diretto da Edoardo Crisafulli in sinergia con l\u2019Ambasciata d\u2019Italia. La pandemia ci obbliga a modalit\u00e0 originali di promozione culturale, e infatti questo \u00e8 un evento in forma ibrida, che verr\u00e0 seguito molto anche sui social media\u201d, ha commentato l\u2019Ambasciatore Davide La Cecilia. \u201cSappiamo quanto sia amata e seguita la musica lirica e classica in Ucraina. Abbiamo voluto, questa volta, proporre un\u2019idea diversa, una produzione musicale che fonde musica d\u2019autore contemporanea, jazz, e folk all\u2019insegna della contaminazione fra diversi generi. La cultura italiana \u00e8 vitale e vivace anche nelle sue espressioni pi\u00f9 contemporanee e raccoglie un incredibile successo presso un pubblico sofisticato e curioso come quello ucraino\u201d, ha proseguito l\u2019Ambasciatore.<\/p>\n<p>\u00a0<\/p>\n<p align=\"center\"><img loading=\"lazy\" decoding=\"async\" src=\"https:\/\/www.esteri.it\/mae\/resource\/img\/2020\/12\/sepe_kiev_appro.jpg\" width=\"600\" height=\"338\" alt=\"sepe kiev appro\" style=\"display: block; margin-left: auto; margin-right: auto;\" \/><\/p>\n<p align=\"center\">\u00a0<\/p>\n<p><strong>Daniele Sepe<\/strong>, con oltre 25 album discografici, \u00e8 da oltre due decenni sulla cresta dell\u2019onda nella scena musicale italiana e non solo. Questo straordinario artista fa di ogni disco un capitolo a s\u00e9, sia per generi attraversati, che per sentimenti che esprime di volta in volta, dischi anticonformisti, suite orchestrali, musiche medievali, jazz, rap, funk, blues, musica tradizionale. \u00c8 un artista indefinibile, sfuggente per spirito e sostanza a qualsivoglia etichetta.<\/p>\n","protected":false},"excerpt":{"rendered":"L\u2019Ambasciata d\u2019Italia a Kiev e l\u2019Istituto Italiano di Cultura presentano\u00a0il concerto\u00a0&#8220;Canzoniere Terrestre&#8221; di Daniele Sepe e della sua band. Il video-concerto, che sar\u00e0 trasmesso sulla\u00a0pagina Facebook\u00a0dell&#8217;Istituto questa sera alle 19:00 ora locale (le 18 in Italia), \u00e8 un mix di musica internazionale, musica tradizionale e popolare italiana e jazz. &#8220;Canzoniere Terrestre&#8221; \u00e8 organizzato dall\u2019Istituto Italiano [&hellip;]","protected":false},"author":1,"featured_media":0,"comment_status":"","ping_status":"","sticky":false,"template":"","format":"standard","meta":{"footnotes":""},"categories":[20],"tags":[32,9],"class_list":["post-58863","post","type-post","status-publish","format-standard","hentry","category-retediplomatica","tag-diplomazia-culturale","tag-europa"],"_links":{"self":[{"href":"https:\/\/www.esteri.it\/it\/wp-json\/wp\/v2\/posts\/58863","targetHints":{"allow":["GET"]}}],"collection":[{"href":"https:\/\/www.esteri.it\/it\/wp-json\/wp\/v2\/posts"}],"about":[{"href":"https:\/\/www.esteri.it\/it\/wp-json\/wp\/v2\/types\/post"}],"author":[{"embeddable":true,"href":"https:\/\/www.esteri.it\/it\/wp-json\/wp\/v2\/users\/1"}],"replies":[{"embeddable":true,"href":"https:\/\/www.esteri.it\/it\/wp-json\/wp\/v2\/comments?post=58863"}],"version-history":[{"count":0,"href":"https:\/\/www.esteri.it\/it\/wp-json\/wp\/v2\/posts\/58863\/revisions"}],"wp:attachment":[{"href":"https:\/\/www.esteri.it\/it\/wp-json\/wp\/v2\/media?parent=58863"}],"wp:term":[{"taxonomy":"category","embeddable":true,"href":"https:\/\/www.esteri.it\/it\/wp-json\/wp\/v2\/categories?post=58863"},{"taxonomy":"post_tag","embeddable":true,"href":"https:\/\/www.esteri.it\/it\/wp-json\/wp\/v2\/tags?post=58863"}],"curies":[{"name":"wp","href":"https:\/\/api.w.org\/{rel}","templated":true}]}}