{"id":58864,"date":"2020-12-18T13:00:02","date_gmt":"2020-12-18T12:00:02","guid":{"rendered":"https:\/\/www.esteri.it\/sala_stampa\/archivionotizie\/comunicati\/2020\/12\/tirana-15-ipotesi-per-una-storia-dell-arte\/"},"modified":"2020-12-18T13:00:02","modified_gmt":"2020-12-18T12:00:02","slug":"tirana-15-ipotesi-per-una-storia-dell-arte","status":"publish","type":"post","link":"https:\/\/www.esteri.it\/it\/sala_stampa\/archivionotizie\/retediplomatica\/2020\/12\/tirana-15-ipotesi-per-una-storia-dell-arte\/","title":{"rendered":"Tirana, &#8220;15 ipotesi per una storia dell&#8217;arte&#8221;"},"content":{"rendered":"<p>L\u2019Istituto Italiano di Cultura di Tirana ha commissionato a RADIO MI,\u00a0webradio bilingue in italiano e albanese, un programma\u00a0sulla storia dell\u2019arte. L\u2019iniziativa, titolata \u201c15 ipotesi per una storia dell\u2019arte\u201d, \u00e8 curata dalla critica d\u2019arte Lucrezia Longobardi e ha per soggetto quindici opere iconiche prodotte tra il 2010 e il 2020.\u00a0<\/p>\n<p>L&#8217;obiettivo del programma\u00a0\u00e8\u00a0riuscire a comporre una mappa degli artisti italiani pi\u00f9 incisivi del decennio appena trascorso. Ogni registrazione racconter\u00e0 di un artista e della sua ricerca estetica, concentrandosi su un\u2019opera individuata come iconica della sua produzione.<\/p>\n<p>Il programma \u2013 che, iniziato il 9 dicembre scorso, proseguir\u00e0 fino al 31 marzo 2021 &#8211; andr\u00e0 in onda ogni mercoled\u00ec alle 16 e alle 20 su\u00a0<a href=\"http:\/\/www.radiomi.al\/\" target=\"_blank\" rel=\"noopener noreferrer\">www.radiomi.al<\/a>.<\/p>\n<p>\u00a0<\/p>\n<p>CLICCARE SULL\u2019IMMAGINE PER ASCOLTARE IL PRIMO EPISODIO<\/p>\n<p><a href=\"https:\/\/soundcloud.com\/radio-mi\/lucrezia-arte-presente-1\"><img loading=\"lazy\" decoding=\"async\" src=\"https:\/\/www.esteri.it\/mae\/resource\/img\/2020\/12\/albania_arte.jpg\" width=\"600\" height=\"600\" alt=\"albania arte\" style=\"display: block; margin-left: auto; margin-right: auto;\" \/><\/a><\/p>\n<p>\u00a0<\/p>\n<p><strong>Lucrezia Longobardi\u00a0<\/strong>si \u00e8 laureata all\u2019Accademia di Belle Arti di Napoli con una tesi sulle prospettive filosofiche dell\u2019abitare. Svolge il suo lavoro da curatrice indipendente e collabora con la Fondazione Morra. Al centro della sua ricerca \u00e8 il concetto di spazio, analizzato come circostanza esistenziale sia dal punto di vista intimo che comunitario e sociale; una prospettiva che permette una costante indagine a pi\u00f9 livelli sui meccanismi dell\u2019abitare, fino alle pi\u00f9 complesse evoluzioni del paesaggio come disegno sociale. \u00c8 stata direttrice artistica per un progetto dell\u2019Agenzia Nazionale dei Beni Confiscati e ha curato talks sul ruolo dell\u2019arte nella societ\u00e0. Scrive su riviste di settore tra cui Art Tribune e Opera Viva.<\/p>\n","protected":false},"excerpt":{"rendered":"L\u2019Istituto Italiano di Cultura di Tirana ha commissionato a RADIO MI,\u00a0webradio bilingue in italiano e albanese, un programma\u00a0sulla storia dell\u2019arte. L\u2019iniziativa, titolata \u201c15 ipotesi per una storia dell\u2019arte\u201d, \u00e8 curata dalla critica d\u2019arte Lucrezia Longobardi e ha per soggetto quindici opere iconiche prodotte tra il 2010 e il 2020.\u00a0 L&#8217;obiettivo del programma\u00a0\u00e8\u00a0riuscire a comporre una [&hellip;]","protected":false},"author":1,"featured_media":0,"comment_status":"","ping_status":"","sticky":false,"template":"","format":"standard","meta":{"footnotes":""},"categories":[20],"tags":[32,9],"class_list":["post-58864","post","type-post","status-publish","format-standard","hentry","category-retediplomatica","tag-diplomazia-culturale","tag-europa"],"_links":{"self":[{"href":"https:\/\/www.esteri.it\/it\/wp-json\/wp\/v2\/posts\/58864","targetHints":{"allow":["GET"]}}],"collection":[{"href":"https:\/\/www.esteri.it\/it\/wp-json\/wp\/v2\/posts"}],"about":[{"href":"https:\/\/www.esteri.it\/it\/wp-json\/wp\/v2\/types\/post"}],"author":[{"embeddable":true,"href":"https:\/\/www.esteri.it\/it\/wp-json\/wp\/v2\/users\/1"}],"replies":[{"embeddable":true,"href":"https:\/\/www.esteri.it\/it\/wp-json\/wp\/v2\/comments?post=58864"}],"version-history":[{"count":0,"href":"https:\/\/www.esteri.it\/it\/wp-json\/wp\/v2\/posts\/58864\/revisions"}],"wp:attachment":[{"href":"https:\/\/www.esteri.it\/it\/wp-json\/wp\/v2\/media?parent=58864"}],"wp:term":[{"taxonomy":"category","embeddable":true,"href":"https:\/\/www.esteri.it\/it\/wp-json\/wp\/v2\/categories?post=58864"},{"taxonomy":"post_tag","embeddable":true,"href":"https:\/\/www.esteri.it\/it\/wp-json\/wp\/v2\/tags?post=58864"}],"curies":[{"name":"wp","href":"https:\/\/api.w.org\/{rel}","templated":true}]}}