{"id":58872,"date":"2020-12-16T12:52:30","date_gmt":"2020-12-16T11:52:30","guid":{"rendered":"https:\/\/www.esteri.it\/sala_stampa\/archivionotizie\/comunicati\/2020\/12\/venticinque-anni-dagli-accordi-di-dayton-conferenza-internazionale\/"},"modified":"2020-12-16T12:52:30","modified_gmt":"2020-12-16T11:52:30","slug":"venticinque-anni-dagli-accordi-di-dayton-conferenza-internazionale","status":"publish","type":"post","link":"https:\/\/www.esteri.it\/it\/sala_stampa\/archivionotizie\/retediplomatica\/2020\/12\/venticinque-anni-dagli-accordi-di-dayton-conferenza-internazionale\/","title":{"rendered":"25 anni dagli Accordi di Dayton: conferenza internazionale"},"content":{"rendered":"<p>A 25 anni dagli Accordi di Dayton, il Ministero degli Affari Esteri e della Cooperazione Internazionale, attraverso la sua Ambasciata in Bosnia Erzegovina, organizza una conferenza internazionale online dal titolo &#8220;Venticinque anni dopo: Accordi di Dayton e il percorso europeo della Bosnia ed Erzegovina&#8221;. L\u2019evento si terr\u00e0 venerd\u00ec 18 dicembre dalle 15 alle 18:30 in streaming online sulla <a href=\"https:\/\/www.facebook.com\/ItalyinBiH\">pagina Facebook dell&#8217;Ambasciata<\/a>.<\/p>\n<p>Alla conferenza, interverranno il Ministro degli Affari Esteri italiano Luigi Di Maio, il Ministro degli Affari Esteri della Bosnia Erzegovina Bisera Turkovi\u0107, il Commissario Europeo per l&#8217;Allargamento Oliv\u00e9r V\u00e1rhelyi ed il Commissario per i Diritti Umani del Consiglio d&#8217;Europa Dunja Mijatovi\u0107.<\/p>\n<p align=\"center\">\u00a0<\/p>\n<p><iframe loading=\"lazy\" src=\"https:\/\/www.facebook.com\/plugins\/video.php?height=315&#038;href=https%3A%2F%2Fwww.facebook.com%2FItalyinBiH%2Fvideos%2F1708972709285657%2F&#038;show_text=false&#038;width=560\" width=\"560\" height=\"315\" style=\"border: none; overflow: hidden; display: block; margin-left: auto; margin-right: auto;\" scrolling=\"no\" seamless=\"seamless\" allowfullscreen=\"allowfullscreen\" allow=\"autoplay; clipboard-write; encrypted-media; picture-in-picture; web-share\"><\/iframe><\/p>\n<p>\u00a0<\/p>\n<p>I lavori della conferenza internazionale saranno articolati in due sessioni e si concentreranno su due principali aree di attuale interesse: quali sono le origini e la portata del concetto di &#8220;popoli costituenti&#8221; contenuto nell&#8217;accordo di Dayton? Come pu\u00f2 questo concetto interagire con il diritto dell&#8217;UE per garantire che i diritti dei cittadini siano ugualmente rispettati e che la Bosnia-Erzegovina possa diventare un membro effettivo e di successo della famiglia europea?<\/p>\n<p>Tutti i relatori provengono da una ricca variet\u00e0 di esperienze accademiche dalla Bosnia Erzegovina, dalla regione dei Balcani e del resto d&#8217;Europa e condivideranno gli approfondimenti dalla loro area di competenza.<\/p>\n<p>Essi comprendono:<\/p>\n<p>\u00a0Mitja \u017dagar, Institute for Ethnic Studies, Ljubljana<\/p>\n<p>Joseph Marko, University of Graz<\/p>\n<p>Maja Sahad\u017ei\u0107, University of Antwerp<\/p>\n<p>Goran Markovi\u0107, University of East Sarajevo<\/p>\n<p>Petra Roter, University of Ljubljana<\/p>\n<p>Fikret \u010cau\u0161evi\u0107, University of Sarajevo<\/p>\n<p>Jens Woelk, University of Trento<\/p>\n<p>Asim Mujki\u0107, University of Sarajevo<\/p>\n<p>Senada \u0160elo \u0160abi\u0107 \u2013 IRMO, Zagreb<\/p>\n<p>Tatjana Sekuli\u0107, University of Milano-Bicocca<\/p>\n<p>Amb. Johann Sattler \u2013 EU Special Representative in Bosnia and Herzegovina<\/p>\n<p>Amb. Edin Dilberovi\u0107 \u2013 Director of the Directorate for EU Integration, Bosnia and Herzegovina<\/p>\n<p>Amb. Nicola Minasi \u2013 Ambassador of Italy in Bosnia and Herzegovina<\/p>\n<p>\u00a0<\/p>\n<p align=\"center\"><img decoding=\"async\" src=\"https:\/\/www.esteri.it\/mae\/resource\/img\/2020\/12\/lungaimg.jpg\" alt=\"lungaimg\" style=\"display: block; margin-left: auto; margin-right: auto;\" \/><\/p>\n","protected":false},"excerpt":{"rendered":"A 25 anni dagli Accordi di Dayton, il Ministero degli Affari Esteri e della Cooperazione Internazionale, attraverso la sua Ambasciata in Bosnia Erzegovina, organizza una conferenza internazionale online dal titolo &#8220;Venticinque anni dopo: Accordi di Dayton e il percorso europeo della Bosnia ed Erzegovina&#8221;. L\u2019evento si terr\u00e0 venerd\u00ec 18 dicembre dalle 15 alle 18:30 in [&hellip;]","protected":false},"author":1,"featured_media":0,"comment_status":"","ping_status":"","sticky":false,"template":"","format":"standard","meta":{"footnotes":""},"categories":[20],"tags":[9,76,42],"class_list":["post-58872","post","type-post","status-publish","format-standard","hentry","category-retediplomatica","tag-europa","tag-ministri-precedenti","tag-unione-europea"],"_links":{"self":[{"href":"https:\/\/www.esteri.it\/it\/wp-json\/wp\/v2\/posts\/58872","targetHints":{"allow":["GET"]}}],"collection":[{"href":"https:\/\/www.esteri.it\/it\/wp-json\/wp\/v2\/posts"}],"about":[{"href":"https:\/\/www.esteri.it\/it\/wp-json\/wp\/v2\/types\/post"}],"author":[{"embeddable":true,"href":"https:\/\/www.esteri.it\/it\/wp-json\/wp\/v2\/users\/1"}],"replies":[{"embeddable":true,"href":"https:\/\/www.esteri.it\/it\/wp-json\/wp\/v2\/comments?post=58872"}],"version-history":[{"count":0,"href":"https:\/\/www.esteri.it\/it\/wp-json\/wp\/v2\/posts\/58872\/revisions"}],"wp:attachment":[{"href":"https:\/\/www.esteri.it\/it\/wp-json\/wp\/v2\/media?parent=58872"}],"wp:term":[{"taxonomy":"category","embeddable":true,"href":"https:\/\/www.esteri.it\/it\/wp-json\/wp\/v2\/categories?post=58872"},{"taxonomy":"post_tag","embeddable":true,"href":"https:\/\/www.esteri.it\/it\/wp-json\/wp\/v2\/tags?post=58872"}],"curies":[{"name":"wp","href":"https:\/\/api.w.org\/{rel}","templated":true}]}}