{"id":58876,"date":"2020-12-15T10:35:12","date_gmt":"2020-12-15T09:35:12","guid":{"rendered":"https:\/\/www.esteri.it\/sala_stampa\/archivionotizie\/comunicati\/2020\/12\/amburgo-la-mostra-carbonai-di-calabria\/"},"modified":"2020-12-15T10:35:12","modified_gmt":"2020-12-15T09:35:12","slug":"amburgo-la-mostra-carbonai-di-calabria","status":"publish","type":"post","link":"https:\/\/www.esteri.it\/it\/sala_stampa\/archivionotizie\/retediplomatica\/2020\/12\/amburgo-la-mostra-carbonai-di-calabria\/","title":{"rendered":"Amburgo: la mostra &#8220;Carbonai di Calabria&#8221;"},"content":{"rendered":"<p>L&#8217;Istituto Italiano di Cultura di Amburgo presenta la mostra &#8220;Carbonai di Calabria&#8221;, del\u00a0foto-giornalista Antonino Condorelli. La mostra, allestita nei locali dell&#8217;Istituto, non \u00e8 al momento visitabile a causa delle restrizioni imposte dalla pandemia, ma pu\u00f2 essere visitata virtualmente cliccando\u00a0<a href=\"https:\/\/antoninocondorelli.com\/charcoal-burners\/\">qui<\/a>.<\/p>\n<p>\u00a0<\/p>\n<p><img loading=\"lazy\" decoding=\"async\" src=\"https:\/\/www.esteri.it\/mae\/resource\/img\/2020\/12\/carbonai_appro.jpg\" width=\"600\" height=\"400\" alt=\"carbonai appro\" style=\"display: block; margin-left: auto; margin-right: auto;\" \/><\/p>\n<p>\u00a0<\/p>\n<p>Serra San Bruno \u00e8 un paese in provincia di Vibo Valentia, in Calabria, Sud Italia. Qui, e in buona parte dell\u2019area delle Serre vibonesi, sin dai primi anni del \u2018900, cupole di legna ricoperte di terra umida si stagliavano alte fino a sei metri a testimonianza di uno dei lavori pi\u00f9 duri dell&#8217;entroterra italiano: Il carbonaio.<\/p>\n<p>In paese si avverte forte l\u2019odore acre del fuoco che riempie l\u2019aria di atmosfera invernale. Questo \u00e8 uno di quei posti in Italia dove era forte la tradizione del mestiere del carbonaio. Era un lavoro che si tramandava di padre in figlio e che in passato ha visto diverse decine di famiglie crescere e progredire con gli introiti derivanti da questo mestiere.<\/p>\n<p>Negli anni passati i carbonai lasciavano le loro residenze e si trasferivano nei boschi dalla primavera all\u2019autunno. Intere famiglie si spostavano e si stabilivano tra gli alberi sino a quando c\u2018era legna da utilizzare per fare il carbone. Uomini, bambini e donne, quest\u2019ultime oltre ad aiutare i mariti nella produzione del carbone, avevano anche il compito di accudire ed educare i figli e, quando necessario, portare a compimento le gravidanze.La vita era dura all\u2019epoca. Tutto era svolto manualmente e il carbone vegetale aveva una valenza importante nell\u2019ambito della ristorazione, per il riscaldamento delle case e per i diversi usi che se ne facevano. Oggi, alcune cose sono cambiate. I carbonai non vanno pi\u00f9 dove c&#8217;\u00e8 la legna, ma la ricevono con grossi camion che la scaricano in alcune aree di propriet\u00e0 del mastro carbonaio e che viene chiamata &#8220;Cantiere&#8221;.<\/p>\n<p>Qui il mastro carbonaio insieme ai suoi aiutanti costruisce quello che in gergo viene chiamato &#8220;Scarazzo&#8221;, una sorta di cupola formata di legna di varie dimensioni, in cui i tronchi pi\u00f9 grossi vanno al centro e poi, via via, quelli pi\u00f9 piccoli vengono posizionati verso l&#8217;esterno. Lo scarazzo \u00e8 il punto cruciale di tutto il processo. Costruirlo, accudirlo e smontarlo alla fine della &#8220;cottura&#8221; del legno \u00e8 un lavoro per persone forti ed esperte.<\/p>\n<p>Il lavoro del carbonaio \u00e8 un lavoro sporco, faticoso e molto delicato, perch\u00e9 se lo scarazzo non \u00e8 costruito per bene c&#8217;\u00e8 il rischio che tonnellate di legna vadano perdute, come anche, se non viene curato a modo, c&#8217;\u00e8 il rischio che possa esplodere a causa della forte concentrazione di gas che si accumulano al suo interno.<\/p>\n<p>Le foto esposte mostrano alcune fasi del lavoro del carbonaio che in Calabria, come in molte parti d&#8217;Italia sta andando perdendosi a causa della forte industrializzazione del settore. Oggigiorno infatti, i ragazzi non vogliono proseguire le attivit\u00e0 dei padri e dei nonni che in passato hanno creato posti di lavoro e benessere per loro e le loro famiglie. Del resto, anche i mastri carbonai, devono oggi fare il doppio lavoro per poter far fronte alle spese della propria famiglia.<\/p>\n<p>\u00a0<\/p>\n<p><iframe loading=\"lazy\" width=\"560\" height=\"315\" src=\"https:\/\/www.youtube-nocookie.com\/embed\/rBkaROExbQw\" seamless=\"seamless\" allow=\"accelerometer; autoplay; clipboard-write; encrypted-media; gyroscope; picture-in-picture\" allowfullscreen=\"allowfullscreen\" style=\"display: block; margin-left: auto; margin-right: auto;\"><\/iframe><\/p>\n<p>\u00a0<\/p>\n<p>Antonino Condorelli\u00a0\u00e8 un fotogiornalista nato a Catanzaro, in Calabria, una cittadina a met\u00e0 tra il mare Jonio e le montagne dalla Sila. Antonino ha fatto dell&#8217;orizzonte del suo mare Jonio non un confine ma un punto da cui ripartire, dopo aver esplorato la sua terra per lungo e largo. La Calabria \u00e8 stata una terra oggetto di conquiste da parte di svariati popoli. \u00c8 pi\u00f9 conosciuta per la presenza della mafia, ma le bellezze naturali come le eredit\u00e0 culturali fanno invidia a molti anche se non sfruttati al meglio. La terra di Pitagora, Corrado Alvaro, Gioacchino Da Fiore, Cassiodoro, ha legato per anni Antonino a queste latitudini, permettendogli una crescita interiore che Antonino mette in evidenza nel suo lavoro. Dopo aver studiato fotografia a Milano, ha iniziato collaborazioni con giornali locali, fino ad arrivare a collaborazioni con giornali europei, la Associated Press, la Thomson Reuters, coprendo per loro diversi fatti di cronaca e reportages, come gli arrivi dei migranti dai Balcani all&#8217;inizio degli anni &#8217;90. Nel 2015 si \u00e8 trasferito in Germania, trasportando con se le aspettative e i sogni che fanno di Antonino un vulcano di idee e ambizioni. Nel 2016 ha vinto il Blauer L\u00f6we, dedicato alla fotografia, presentando un lavoro sull&#8217;inclusione sociale in un quartiere di Winsen Luhe. Il lavoro di Antonino \u00e8 da sempre focalizzato ai temi sociali, diritti umani, specialmente dall&#8217;Africa e Medio Oriente. Attualmente lavora a diversi progetti su alcune donne migranti e su alcuni rifugiati dal Sudan. I suoi lavori sono regolarmente pubblicati su riviste Italiane, ed Europee. Antonino vive insieme a sua moglie e tre figli a Buxtehude.<\/p>\n","protected":false},"excerpt":{"rendered":"L&#8217;Istituto Italiano di Cultura di Amburgo presenta la mostra &#8220;Carbonai di Calabria&#8221;, del\u00a0foto-giornalista Antonino Condorelli. La mostra, allestita nei locali dell&#8217;Istituto, non \u00e8 al momento visitabile a causa delle restrizioni imposte dalla pandemia, ma pu\u00f2 essere visitata virtualmente cliccando\u00a0qui. \u00a0 \u00a0 Serra San Bruno \u00e8 un paese in provincia di Vibo Valentia, in Calabria, Sud [&hellip;]","protected":false},"author":1,"featured_media":0,"comment_status":"","ping_status":"","sticky":false,"template":"","format":"standard","meta":{"footnotes":""},"categories":[20],"tags":[32,9],"class_list":["post-58876","post","type-post","status-publish","format-standard","hentry","category-retediplomatica","tag-diplomazia-culturale","tag-europa"],"_links":{"self":[{"href":"https:\/\/www.esteri.it\/it\/wp-json\/wp\/v2\/posts\/58876","targetHints":{"allow":["GET"]}}],"collection":[{"href":"https:\/\/www.esteri.it\/it\/wp-json\/wp\/v2\/posts"}],"about":[{"href":"https:\/\/www.esteri.it\/it\/wp-json\/wp\/v2\/types\/post"}],"author":[{"embeddable":true,"href":"https:\/\/www.esteri.it\/it\/wp-json\/wp\/v2\/users\/1"}],"replies":[{"embeddable":true,"href":"https:\/\/www.esteri.it\/it\/wp-json\/wp\/v2\/comments?post=58876"}],"version-history":[{"count":0,"href":"https:\/\/www.esteri.it\/it\/wp-json\/wp\/v2\/posts\/58876\/revisions"}],"wp:attachment":[{"href":"https:\/\/www.esteri.it\/it\/wp-json\/wp\/v2\/media?parent=58876"}],"wp:term":[{"taxonomy":"category","embeddable":true,"href":"https:\/\/www.esteri.it\/it\/wp-json\/wp\/v2\/categories?post=58876"},{"taxonomy":"post_tag","embeddable":true,"href":"https:\/\/www.esteri.it\/it\/wp-json\/wp\/v2\/tags?post=58876"}],"curies":[{"name":"wp","href":"https:\/\/api.w.org\/{rel}","templated":true}]}}