{"id":58901,"date":"2020-12-03T12:06:16","date_gmt":"2020-12-03T11:06:16","guid":{"rendered":"https:\/\/www.esteri.it\/sala_stampa\/archivionotizie\/comunicati\/2020\/12\/bucarest-conferenza-dello-storico-alessandro-vanoli\/"},"modified":"2020-12-03T12:06:16","modified_gmt":"2020-12-03T11:06:16","slug":"bucarest-conferenza-dello-storico-alessandro-vanoli","status":"publish","type":"post","link":"https:\/\/www.esteri.it\/it\/sala_stampa\/archivionotizie\/retediplomatica\/2020\/12\/bucarest-conferenza-dello-storico-alessandro-vanoli\/","title":{"rendered":"Bucarest: conferenza dello storico Alessandro Vanoli"},"content":{"rendered":"<div itemprop=\"articleBody\">L&#8217;Istituto Italiano di Cultura di Bucarest ospita,\u00a0sulla\u00a0sua <a href=\"https:\/\/www.facebook.com\/IstitutoItalianoDiCulturaBucarest\/\">pagina Facebook<\/a>,\u00a0la presentazione dell&#8217;ultimo libro di Alessandro Vanoli, &#8216;Autunno. Il tempo del ritorno&#8217;.\u00a0<\/div>\n<div itemprop=\"articleBody\">L&#8217;11 dicembre alle 18, Vanoli,\u00a0esperto di storia del Mediterraneo, parler\u00e0 in diretta della sua opera che arriva, sempre per le edizioni &#8216;Il Mulino&#8217;,\u00a0\u00a0dopo\u00a0\u201cInverno\u201d (pubblicato nel 2018) e \u201cPrimavera\u201d (del\u00a02020).\u00a0<\/div>\n<div itemprop=\"articleBody\">L&#8217;autunno \u00e8 un po&#8217; come tornare a casa quando il viaggio \u00e8 finito: l&#8217;entusiasmo euforico della primavera \u00e8 lontano, e anche la serena pienezza dell&#8217;estate \u00e8 alle spalle. Arrivano i lunghi giorni di pioggia e nebbia, ma anche\u00a0dei\u00a0riti della vendemmia.\u00a0Ma\u00a0l&#8217;autunno pi\u00f9 bello, secondo l&#8217;autore,\u00a0\u00e8 quello intimo, furtivo, nutrito di ricordi d&#8217;infanzia, trascorso in qualche bosco lontano, infuocato da foglie rosse e gialle.<\/div>\n<div itemprop=\"articleBody\">\u00a0<\/div>\n<div itemprop=\"articleBody\">\u00a0<\/div>\n<div itemprop=\"articleBody\"><img decoding=\"async\" src=\"https:\/\/www.esteri.it\/mae\/resource\/img\/2020\/12\/copertina_autunno.png\" alt=\"copertina autunno\" style=\"display: block; margin-left: auto; margin-right: auto;\" \/><\/div>\n<div itemprop=\"articleBody\">\u00a0<\/div>\n<div itemprop=\"articleBody\">\u00a0<\/div>\n<div itemprop=\"articleBody\">Alessandro Vanoli\u00a0ha insegnato presso l\u2019Universit\u00e0 di Bologna specializzandosi in storia del Mediterraneo e lavorando in particolare sulla storia della medicina araba e sulla presenza islamica in Sicilia. Dal 2012 ha cominciato ad affiancare l&#8217;attivit\u00e0 di saggista a un sempre maggiore interesse nei confronti della comunicazione e della divulgazione, collaborando con alcuni festival culturali e con l&#8217;editore il Mulino. Si \u00e8 dedicato tanto a progetti teatrali quanto ad attivit\u00e0 didattiche legate alla promozione della storia come parte irrinunciabile del rapporto tra culture differenti. Ha scritto il reading teatrale \u201cLe Parole e il mare\u201d, portato in scena dal 2017 assieme a Lino Guanciale e a Marco Morandi. Dal 2017 collabora anche con lo storico Amedeo Feniello in varie attivit\u00e0 teatrali e divulgative. Collabora attualmente con Radio RAI 3 e con il quotidiano Il Corriere della Sera. Fra le sue opere pi\u00f9 recenti ricordiamo anche: \u201cL\u2019ignoto davanti a noi. Sognare terre lontane\u201d, Bologna, Il Mulino (2017), \u201cLa via della seta\u201d, con Franco Cardini, Bologna, Il Mulino (2017), \u201cIl Mediterraneo in 20 oggetti\u201d, con Amedeo Feniello, Roma-Bari, Laterza (2018), \u201cStrade perdute. Viaggio sentimentale sulle vie che hanno fatto la storia\u201d, Milano, Feltrinelli (2019).<\/div>\n<div itemprop=\"articleBody\">\u00a0<\/div>\n<div itemprop=\"articleBody\">\u00a0<\/div>\n<div itemprop=\"articleBody\"><img loading=\"lazy\" decoding=\"async\" src=\"https:\/\/www.esteri.it\/mae\/resource\/img\/2020\/12\/alessandro_vanoli-2.jpg\" width=\"450\" height=\"450\" alt=\"alessandro vanoli-2\" style=\"display: block; margin-left: auto; margin-right: auto;\" \/><\/div>\n","protected":false},"excerpt":{"rendered":"L&#8217;Istituto Italiano di Cultura di Bucarest ospita,\u00a0sulla\u00a0sua pagina Facebook,\u00a0la presentazione dell&#8217;ultimo libro di Alessandro Vanoli, &#8216;Autunno. Il tempo del ritorno&#8217;.\u00a0 L&#8217;11 dicembre alle 18, Vanoli,\u00a0esperto di storia del Mediterraneo, parler\u00e0 in diretta della sua opera che arriva, sempre per le edizioni &#8216;Il Mulino&#8217;,\u00a0\u00a0dopo\u00a0\u201cInverno\u201d (pubblicato nel 2018) e \u201cPrimavera\u201d (del\u00a02020).\u00a0 L&#8217;autunno \u00e8 un po&#8217; come tornare [&hellip;]","protected":false},"author":1,"featured_media":0,"comment_status":"","ping_status":"","sticky":false,"template":"","format":"standard","meta":{"footnotes":""},"categories":[20],"tags":[32,9],"class_list":["post-58901","post","type-post","status-publish","format-standard","hentry","category-retediplomatica","tag-diplomazia-culturale","tag-europa"],"_links":{"self":[{"href":"https:\/\/www.esteri.it\/it\/wp-json\/wp\/v2\/posts\/58901","targetHints":{"allow":["GET"]}}],"collection":[{"href":"https:\/\/www.esteri.it\/it\/wp-json\/wp\/v2\/posts"}],"about":[{"href":"https:\/\/www.esteri.it\/it\/wp-json\/wp\/v2\/types\/post"}],"author":[{"embeddable":true,"href":"https:\/\/www.esteri.it\/it\/wp-json\/wp\/v2\/users\/1"}],"replies":[{"embeddable":true,"href":"https:\/\/www.esteri.it\/it\/wp-json\/wp\/v2\/comments?post=58901"}],"version-history":[{"count":0,"href":"https:\/\/www.esteri.it\/it\/wp-json\/wp\/v2\/posts\/58901\/revisions"}],"wp:attachment":[{"href":"https:\/\/www.esteri.it\/it\/wp-json\/wp\/v2\/media?parent=58901"}],"wp:term":[{"taxonomy":"category","embeddable":true,"href":"https:\/\/www.esteri.it\/it\/wp-json\/wp\/v2\/categories?post=58901"},{"taxonomy":"post_tag","embeddable":true,"href":"https:\/\/www.esteri.it\/it\/wp-json\/wp\/v2\/tags?post=58901"}],"curies":[{"name":"wp","href":"https:\/\/api.w.org\/{rel}","templated":true}]}}