{"id":58925,"date":"2020-11-26T11:20:11","date_gmt":"2020-11-26T10:20:11","guid":{"rendered":"https:\/\/www.esteri.it\/sala_stampa\/archivionotizie\/comunicati\/2020\/11\/madrid-il-xiii-festival-del-cinema-italiano\/"},"modified":"2020-11-26T11:20:11","modified_gmt":"2020-11-26T10:20:11","slug":"madrid-il-xiii-festival-del-cinema-italiano","status":"publish","type":"post","link":"https:\/\/www.esteri.it\/it\/sala_stampa\/archivionotizie\/retediplomatica\/2020\/11\/madrid-il-xiii-festival-del-cinema-italiano\/","title":{"rendered":"Madrid, il XIII Festival del Cinema Italiano"},"content":{"rendered":"<div>Il miglior cinema italiano torna nella capitale spagnola. Il\u00a0Festival del Cinema Italiano di Madrid, organizzato dall\u2019Istituto Italiano di Cultura di Madrid sotto l\u2019egida dell\u2019Ambasciata d\u2019Italia in Spagna, offre da oggi al 3 dicembre\u00a0una selezione delle migliori opere realizzate nel corso dell\u2019anno in Italia. Il Festival giunge alla 13\u00aa edizione in modalit\u00e0 online, presenziale &#8211; nel rispetto di tutte le misure preventive igienico-sanitarie- e drive-in. Un formato misto che riafferma l\u2019impegno con la cultura italiana, gratuito e accessibile a tutto il pubblico spagnolo.<\/div>\n<div>Il Festival si inaugurer\u00e0\u00a0con un concerto speciale &#8211;\u00a0aperto a tutti e in streaming accedendo gratuitamente alla pagina web del festival\u00a0&#8211; in omaggio al grande compositore Ennio Morricone. Dalla sala grande del Forum Music Village di Roma (lo studio fondato e usato dal Maestro per oltre quarant&#8217;anni) ascolteremo alcuni dei brani pi\u00f9 rappresentativi di Morricone con arrangiamenti del maestro Leandro Piccioni, storico collaboratore di Morricone per circa vent&#8217;anni, che interpreter\u00e0 le opere al piano insieme al Quartetto Pessoa. Tra gli oltre 500 brani pi\u00f9 famosi e attribuiti al celebre compositore, vincitore di due premi Oscar e\u00a0del Premio Princesa de Asturias e venuto a mancare pochi mesi fa, ricordiamo quelli per\u00a0<i>Il buono, il brutto e il cattivo<\/i>, Ci<i>nema Paradiso<\/i>\u00a0o\u00a0<i>Gli Intoccabili<\/i>.<\/div>\n<div>\u00a0<\/div>\n<div>\u00a0<\/div>\n<div><strong><img loading=\"lazy\" decoding=\"async\" src=\"https:\/\/www.esteri.it\/mae\/resource\/img\/2020\/11\/quintetto.jpg\" width=\"600\" height=\"534\" alt=\"quintetto\" style=\"display: block; margin-left: auto; margin-right: auto;\" \/><\/strong><\/div>\n<div>\u00a0<\/div>\n<div>\u00a0<\/div>\n<div>La selezione dei film comprende pi\u00f9 di venti titoli tra lungometraggi, cortometraggi e documentari selezionati tra i film presentati presso i Festival internazionali dell\u2019anno in corso a Berlino, Cannes, Locarno, Toronto, Venezia e Roma. Le proiezioni presenziali sararanno ospitate dai Cines Princesa di Madrid e si completeranno con una sessione speciale presso il drive-in Madrid Race, dove verr\u00e0 proiettato\u00a0<i>Paradise, una nuova vita<\/i>\u00a0di Davide Del Degan, in cui lo homour\u00a0viene utilizzato per raccontare la tragica vita dei protagonisti.<\/div>\n<div>Tra gli altri titoli, la rassegna include la pr\u00e8miere in Spagna di\u00a0<i>Volevo nascondermi<\/i>, diretta da Giorgio Diritti e con Elio Germano come attore protagonista, premiato come Miglior Attore all\u2019ultimo Festival di Berlino. Il film, inoltre, ha vinto il Globo d&#8217;Oro 2020 per il miglior film e la miglior fotografia firmata da Matteo Cocco.<\/div>\n<div>Per la prima volta, nella programmazione verr\u00e0 inclusa anche una pellicola di animazione:\u00a0<i>Trash<\/i>\u00a0di Francesco Dafano e Luca Della Grotta che, nella versione originale, include la voce dell\u2019attrice spagnola Rossy de Palma. Il film punta al pubblico familiare e ha come sfondo l\u2019ecologia e gli sprechi.<\/div>\n<div>Spiccano, inoltre, grandi titoli come\u00a0<i>Lasciami andare<\/i>\u00a0o\u00a0<i>Guida romantica a posti perduti<\/i>. La prima \u00e8 l\u2019ultima opera del noto produttore Stefano Mordini, presentata in chiusura dell\u2019ultimo Festival di Venezia con un cast che comprende Stefano Accorsi, Valeria Golino, Maya Sansa, Serena Rossi, Lino Musella y Antonia Truppo. La seconda, diretta da Giorgia Farina, con un cast d\u2019eccezione composto dal premiato all\u2019Oscar Clive Owen, Ir\u00e8ne Jacob, che ha ricevuto la nomination al premio BAFTA e Jasmine Trinca, due volte vinicitrice del David di Donatello.<\/div>\n<div>La sezione dei documentari, che sar\u00e0 solamente online attraverso la pagina web del Festival, comprende alcuni dei grandi nomi come Alida Valli; selezionato da Cannes,\u00a0<i>Alida<\/i>\u00a0di Mimmo Verdasca mostra un quadro completo e mai visto della vita di una giovane e bellissima ragazza di Pola che, in poco tempo, \u00e8 diventata una delle attrici pi\u00f9 famose e amate dal cinema italiano e internazionale.\u00a0<i>Paolo Conte, Via con me<\/i>\u00a0di Giorgio Verdelli, racconta la storia e la carriera lunga quasi cinquant\u2019anni\u00a0del noto cantautore. Un\u2019altra storia appassionante \u00e8\u00a0<i>La prima donna\u00a0<\/i>di Tony Saccucci (Nastri d\u2019Argento 2020: Miglior Docufiction), in cui viene recuperata la figura di Emma Carelli, una famosa cantante d\u2019opera dell\u2019inizio del secolo scorso con una storia, marcata anche da Benito Mussolini, rimasta per anni nell\u2019ombra. Infine, La verit\u00e0 su\u00a0<i>La Dolce Vita<\/i>\u00a0di Giuseppe Pedersoli, si immerge nel processo che rese possibile la realizzazione di una delle pi\u00f9 grandi opere nella storia del cinema.<\/div>\n<div>La sezione cortometraggi occupegr\u00e0, ancora una volta, un ruolo di rilievo all\u2019interno del programma: verranno proiettate sei opere partecipanti e premiate da numerosi festival internazionali che confermano l\u2019importanza di questo formato nel mercato della produzione visiva italiana. Produzioni come\u00a0<i>Inverno<\/i>,\u00a0<i>Stardust<\/i>,\u00a0<i>Solitaire<\/i>,\u00a0<i>Le mosche<\/i>,\u00a0<i>Finis terrae<\/i>\u00a0o\u00a0<i>Being my mom<\/i>, offriranno allo spettatore un ampio ventaglio di generi e proposte concettualmente sorprendenti.<\/div>\n<div>Tre le sezioni a concorso: cortometraggi, documentari e lungometraggi. Due giurie spagnole assegneranno il premio al miglior cortometraggio e al miglior documentario mentre il pubblico assegner\u00e0 il premio al miglior lungometraggio. Un palmar\u00e8s al quale si aggiunger\u00e0 il 5\u00ba Premio Solinas Italia-Spagna.<\/div>\n<div>Per il programma completo cliccare\u00a0<a href=\"https:\/\/iicmadrid.esteri.it\/iic_madrid\/resource\/doc\/2020\/11\/xiii-fcim-programa-descargable.pdf\">qui<\/a>.\u00a0<a href=\"https:\/\/iicmadrid.esteri.it\/iic_madrid\/resource\/doc\/2020\/11\/xiii-fcim-programa-descargable.pdf\" target=\"_blank\" rel=\"noopener noreferrer\"><br \/><\/a><\/div>\n<div>\u00a0<\/div>\n<div><strong>\u00a0<\/strong><\/div>\n<div><strong><img loading=\"lazy\" decoding=\"async\" src=\"https:\/\/www.esteri.it\/mae\/resource\/img\/2020\/11\/madric_cine_appro.jpg\" width=\"600\" height=\"349\" alt=\"madric cine appro\" style=\"display: block; margin-left: auto; margin-right: auto;\" \/><\/strong><\/div>\n<div><strong>\u00a0<\/strong><\/div>\n<div><strong>\u00a0<\/strong><\/div>\n<div><strong>Premio alla Carriera per Roberto Cicutto<\/strong><\/div>\n<div>\u00a0<\/div>\n<div>La 13\u00aa edizione del Festival consegner\u00e0 il Premio alla Carriera a Roberto Cicutto, presidente de La Biennale di Venezia. Noto produttore cinematografico, tra le centinaia di produzioni ricordiamo La leggenda del santo bevitore (Leone d\u2019Oro nel 1988), Hotel Rwanda (nominata a tre Premi Oscar nel 2005) o Fuocommare (Orso d&#8217;oro nel 2016). Arricchiscono il suo curriculum anche gli incarichi di presidente e amministratore delegato dell\u2019Istituto Luce-Cinecitt\u00e0, di membro dell\u2019Accademia del Cinema Europeo (EFA) e del Centro Sperimentale di Cinematograf\u00eda in Italia.<\/div>\n<div>\u00a0<\/div>\n<div>\u00a0<\/div>\n<div><strong><img decoding=\"async\" src=\"https:\/\/www.esteri.it\/mae\/resource\/img\/2020\/11\/cicutto.jpg\" alt=\"cicutto\" style=\"display: block; margin-left: auto; margin-right: auto;\" \/><\/strong><\/div>\n<div>\u00a0<\/div>\n<div>\u00a0<\/div>\n<div>Anche quest\u2019anno, l\u2019accesso sar\u00e0 completamente gratuito per tutto il pubblico amante del cinema italiano.\u00a0<\/div>\n<div>Proiezioni presenziali: Esclusivamente con prenotazione previa confermata. L\u2019ingresso \u00e8 gratuito ma c\u2019\u00e8 un numero limitato di posti disponibili. La richiesta di prenotazione sar\u00e0 attiva soltanto dal giorno prima della proiezione. Per le proiezioni online: attraverso il sito web www.festivaldecineitalianodemadrid.com. cercare nel programma Festival Online il titolo del film \u00a0e \u00a0prenotare il biglietto. L\u2019ingresso \u00e8 gratuito ma c\u2019\u00e8 un numero limitato. I biglietti per il Drive-In vanno richiesti alla pagina web del Autocine.<\/div>\n<div>Il Festival del Cinema Italiano di Madrid, l\u2019appuntamento pi\u00f9 atteso con il cinema italiano contemporaneo, \u00e8 organizzato dall\u2019Istituto Italiano di Cultura di Madrid, sotto l\u2019egida dell\u2019Ambasciata d\u2019Italia a Madrid.<\/div>\n<div>Il materiale promozionale e il programma completo potranno essere consultati sulla pagina web del Festival:<\/div>\n<div><a href=\"http:\/\/www.festivaldecineitalianodemadrid.com\/\" target=\"_blank\" rel=\"noopener noreferrer\">www.festivaldecineitalianodemadrid.com<\/a>\u00a0<\/div>\n<div>\u00a0<\/div>\n<div>\u00a0<\/div>\n","protected":false},"excerpt":{"rendered":"Il miglior cinema italiano torna nella capitale spagnola. Il\u00a0Festival del Cinema Italiano di Madrid, organizzato dall\u2019Istituto Italiano di Cultura di Madrid sotto l\u2019egida dell\u2019Ambasciata d\u2019Italia in Spagna, offre da oggi al 3 dicembre\u00a0una selezione delle migliori opere realizzate nel corso dell\u2019anno in Italia. Il Festival giunge alla 13\u00aa edizione in modalit\u00e0 online, presenziale &#8211; nel [&hellip;]","protected":false},"author":1,"featured_media":0,"comment_status":"","ping_status":"","sticky":false,"template":"","format":"standard","meta":{"footnotes":""},"categories":[20],"tags":[32,9],"class_list":["post-58925","post","type-post","status-publish","format-standard","hentry","category-retediplomatica","tag-diplomazia-culturale","tag-europa"],"_links":{"self":[{"href":"https:\/\/www.esteri.it\/it\/wp-json\/wp\/v2\/posts\/58925","targetHints":{"allow":["GET"]}}],"collection":[{"href":"https:\/\/www.esteri.it\/it\/wp-json\/wp\/v2\/posts"}],"about":[{"href":"https:\/\/www.esteri.it\/it\/wp-json\/wp\/v2\/types\/post"}],"author":[{"embeddable":true,"href":"https:\/\/www.esteri.it\/it\/wp-json\/wp\/v2\/users\/1"}],"replies":[{"embeddable":true,"href":"https:\/\/www.esteri.it\/it\/wp-json\/wp\/v2\/comments?post=58925"}],"version-history":[{"count":0,"href":"https:\/\/www.esteri.it\/it\/wp-json\/wp\/v2\/posts\/58925\/revisions"}],"wp:attachment":[{"href":"https:\/\/www.esteri.it\/it\/wp-json\/wp\/v2\/media?parent=58925"}],"wp:term":[{"taxonomy":"category","embeddable":true,"href":"https:\/\/www.esteri.it\/it\/wp-json\/wp\/v2\/categories?post=58925"},{"taxonomy":"post_tag","embeddable":true,"href":"https:\/\/www.esteri.it\/it\/wp-json\/wp\/v2\/tags?post=58925"}],"curies":[{"name":"wp","href":"https:\/\/api.w.org\/{rel}","templated":true}]}}