{"id":58930,"date":"2020-11-24T14:14:51","date_gmt":"2020-11-24T13:14:51","guid":{"rendered":"https:\/\/www.esteri.it\/sala_stampa\/archivionotizie\/comunicati\/2020\/11\/iran-la-v-settimana-della-cucina-italiana-nel-mondo\/"},"modified":"2020-11-24T14:14:51","modified_gmt":"2020-11-24T13:14:51","slug":"iran-la-v-settimana-della-cucina-italiana-nel-mondo","status":"publish","type":"post","link":"https:\/\/www.esteri.it\/it\/sala_stampa\/archivionotizie\/retediplomatica\/2020\/11\/iran-la-v-settimana-della-cucina-italiana-nel-mondo\/","title":{"rendered":"Iran, la V Settimana della Cucina Italiana nel Mondo"},"content":{"rendered":"<div>Ha preso avvio in Iran la quinta edizione della Settimana della Cucina Italiana nel Mondo in formato digitale, nel rispetto delle disposizioni sanitarie vigenti nel paese.<\/div>\n<div>La rassegna, che vede coinvolte l\u2019Ambasciata d&#8217;Italia\u00a0a Teheran e la Scuola italiana \u201cPietro Della Valle\u201d, celebra tra il 22 novembre e il 10 dicembre i valori, la tradizione della cultura gastronomica italiana e la rivisitazione dei piatti tradizionali in chiave moderna. Tema che riserva un rilievo particolare al bicentenario della nascita di Pellegrino Artusi, padre fondatore della cucina casalinga italiana e da cui prende spunto il tema di questa edizione &#8220;Saperi e Sapori delle terre italiane, a 200 anni dalla nascita di Pellegrino Artusi&#8221;.<\/div>\n<div>Il ricco programma iraniano prevede la pubblicazione sui social di una serie di video ricette dello chef Maurizio La Masa, sottotitolate in farsi, e la presentazione di prodotti tipici nostrani della tradizione e della cucina contemporanea in due eventi distinti, il primo dedicato al \u201cviaggio nella cucina italiana: ricette segrete delle tradizioni locali\u201d e il secondo al \u201ccome la cucina contemporanea italiana \u00e8 stata influenzata da nuovo trend globali\u201d.\u00a0<\/div>\n<div>\u00a0<\/div>\n<div>\u00a0<\/div>\n<p><iframe loading=\"lazy\" width=\"560\" height=\"315\" src=\"https:\/\/www.youtube-nocookie.com\/embed\/gOv_xEI5I5Q\" seamless=\"seamless\" allow=\"accelerometer; autoplay; clipboard-write; encrypted-media; gyroscope; picture-in-picture\" allowfullscreen=\"allowfullscreen\" style=\"display: block; margin-left: auto; margin-right: auto;\"><\/iframe><\/p>\n<p>\u00a0<\/p>\n<div>Per gli alunni della Scuola italiana \u201cPietro Della Valle\u201d sar\u00e0 proiettato il video \u201cL\u2019olio \u00e8 un mondo\u201d creato dalla Fondazione Reggio Children con Pause Atelier dei Sapori, che propone ai ragazzi alcune sperimentazioni polisensoriali sull\u2019olio di oliva. Esperienze che saranno riproposte quando si torner\u00e0 nelle aule in presenza in laboratori creativi a tema nei quali gli studenti si potranno confrontare con la loro creativit\u00e0 e manualit\u00e0, imparando ad utilizzare gli utensili, a riconoscere gli ingredienti e le loro propriet\u00e0, a comprendere il valore del cibo e di una corretta alimentazione.\u00a0<\/div>\n<div>Sono previste infine la proiezione della video-ricetta di Angelica Rossi, autrice del libro \u201cAppetito, Italian Taste\u201d, realizzata appositamente per le celebrazioni della Settimana della Cucina Italiana in Iran, e la tenuta interamente online del primo corso di cucina in lingua italiana, organizzato dalla Scuola \u201cPietro Della Valle\u201d e tenuto da Angelica Rossi. Si tratta di dieci\u00a0lezioni in cui il pubblico iraniano potr\u00e0 apprendere le tecniche di base della cucina italiana e le ricette tradizionali delle festivit\u00e0 invernali.<\/div>\n","protected":false},"excerpt":{"rendered":"Ha preso avvio in Iran la quinta edizione della Settimana della Cucina Italiana nel Mondo in formato digitale, nel rispetto delle disposizioni sanitarie vigenti nel paese. La rassegna, che vede coinvolte l\u2019Ambasciata d&#8217;Italia\u00a0a Teheran e la Scuola italiana \u201cPietro Della Valle\u201d, celebra tra il 22 novembre e il 10 dicembre i valori, la tradizione della [&hellip;]","protected":false},"author":1,"featured_media":0,"comment_status":"","ping_status":"","sticky":false,"template":"","format":"standard","meta":{"footnotes":""},"categories":[20],"tags":[32,6,90],"class_list":["post-58930","post","type-post","status-publish","format-standard","hentry","category-retediplomatica","tag-diplomazia-culturale","tag-mediterraneo-e-medio-oriente","tag-settimana-della-cucina-italiana-mondo"],"_links":{"self":[{"href":"https:\/\/www.esteri.it\/it\/wp-json\/wp\/v2\/posts\/58930","targetHints":{"allow":["GET"]}}],"collection":[{"href":"https:\/\/www.esteri.it\/it\/wp-json\/wp\/v2\/posts"}],"about":[{"href":"https:\/\/www.esteri.it\/it\/wp-json\/wp\/v2\/types\/post"}],"author":[{"embeddable":true,"href":"https:\/\/www.esteri.it\/it\/wp-json\/wp\/v2\/users\/1"}],"replies":[{"embeddable":true,"href":"https:\/\/www.esteri.it\/it\/wp-json\/wp\/v2\/comments?post=58930"}],"version-history":[{"count":0,"href":"https:\/\/www.esteri.it\/it\/wp-json\/wp\/v2\/posts\/58930\/revisions"}],"wp:attachment":[{"href":"https:\/\/www.esteri.it\/it\/wp-json\/wp\/v2\/media?parent=58930"}],"wp:term":[{"taxonomy":"category","embeddable":true,"href":"https:\/\/www.esteri.it\/it\/wp-json\/wp\/v2\/categories?post=58930"},{"taxonomy":"post_tag","embeddable":true,"href":"https:\/\/www.esteri.it\/it\/wp-json\/wp\/v2\/tags?post=58930"}],"curies":[{"name":"wp","href":"https:\/\/api.w.org\/{rel}","templated":true}]}}