{"id":58931,"date":"2020-11-24T13:01:48","date_gmt":"2020-11-24T12:01:48","guid":{"rendered":"https:\/\/www.esteri.it\/sala_stampa\/archivionotizie\/comunicati\/2020\/11\/barcellona-viaggio-gastronomico-nelle-marche\/"},"modified":"2020-11-24T13:01:48","modified_gmt":"2020-11-24T12:01:48","slug":"barcellona-viaggio-gastronomico-nelle-marche","status":"publish","type":"post","link":"https:\/\/www.esteri.it\/it\/sala_stampa\/archivionotizie\/retediplomatica\/2020\/11\/barcellona-viaggio-gastronomico-nelle-marche\/","title":{"rendered":"Barcellona, viaggio gastronomico nelle Marche"},"content":{"rendered":"<p>Un viaggio online, a partire da oggi\u00a0fino al 29 novembre, alla scoperta del territorio della Regione Marche, della sua agricoltura ricca di biodiversit\u00e0, storia ma anche innovazione e ricerca agroalimentare: \u00e8 quanto ha organizzato l\u2019Istituto Italiano di Cultura di\u00a0Barcellona\u00a0in collaborazione con la Camera di Commercio Italiana della citt\u00e0 spagnola.<\/p>\n<p>Un evento importante, in occasione della Settimana della Cucina Italiana nel Mondo, nell\u2019era dell&#8217;agricoltura industriale e dell\u2019omologazione alimentare, dove \u00e8 necessario riscoprire le radici del cibo e conoscere i paesaggi che ne segnano l&#8217;immagine e la espressione.<\/p>\n<p>Fra coloro che guideranno il viaggio, c\u2019\u00e8 Olimpia Gobbi, ricercatrice di storia socio-economica, che illustrer\u00e0 gli aspetti paesaggistici della regione Marche, la bellezza delle sue colline e dei centri storici con un ricco patrimonio architettonico e anche la sua antica cultura della sostenibilit\u00e0, la tutela della tipicit\u00e0 e della biodiversit\u00e0. Una cultura che \u00e8 alla base della qualit\u00e0 del cibo di questa regione e di tutta Italia e oggi strategica per combattere il cambiamento climatico.<br \/>Mentre Salvatore Ceccarelli, genetista gi\u00e0 professore all&#8217;Universit\u00e0 di Perugia, e Stefania Grando, ricercatrice agraria, spiegheranno la storia recente delle miscele di cereali, in cui convivono e vengono coltivate insieme centinaia di antiche variet\u00e0 di semi. Una sperimentazione, che avviene nelle Marche, che d\u00e0 risultati sorprendenti sia in termini ambientali sia per la qualit\u00e0 del cibo ottenuto e i suoi effetti sul benessere delle persone.<\/p>\n<p>\u00a0<\/p>\n<p><iframe loading=\"lazy\" width=\"560\" height=\"315\" src=\"https:\/\/www.youtube-nocookie.com\/embed\/-UmTrIzdZzE\" seamless=\"seamless\" allow=\"accelerometer; autoplay; clipboard-write; encrypted-media; gyroscope; picture-in-picture\" allowfullscreen=\"allowfullscreen\" style=\"display: block; margin-left: auto; margin-right: auto;\"><\/iframe><\/p>\n","protected":false},"excerpt":{"rendered":"Un viaggio online, a partire da oggi\u00a0fino al 29 novembre, alla scoperta del territorio della Regione Marche, della sua agricoltura ricca di biodiversit\u00e0, storia ma anche innovazione e ricerca agroalimentare: \u00e8 quanto ha organizzato l\u2019Istituto Italiano di Cultura di\u00a0Barcellona\u00a0in collaborazione con la Camera di Commercio Italiana della citt\u00e0 spagnola. Un evento importante, in occasione della [&hellip;]","protected":false},"author":1,"featured_media":0,"comment_status":"","ping_status":"","sticky":false,"template":"","format":"standard","meta":{"footnotes":""},"categories":[20],"tags":[32,9,90],"class_list":["post-58931","post","type-post","status-publish","format-standard","hentry","category-retediplomatica","tag-diplomazia-culturale","tag-europa","tag-settimana-della-cucina-italiana-mondo"],"_links":{"self":[{"href":"https:\/\/www.esteri.it\/it\/wp-json\/wp\/v2\/posts\/58931","targetHints":{"allow":["GET"]}}],"collection":[{"href":"https:\/\/www.esteri.it\/it\/wp-json\/wp\/v2\/posts"}],"about":[{"href":"https:\/\/www.esteri.it\/it\/wp-json\/wp\/v2\/types\/post"}],"author":[{"embeddable":true,"href":"https:\/\/www.esteri.it\/it\/wp-json\/wp\/v2\/users\/1"}],"replies":[{"embeddable":true,"href":"https:\/\/www.esteri.it\/it\/wp-json\/wp\/v2\/comments?post=58931"}],"version-history":[{"count":0,"href":"https:\/\/www.esteri.it\/it\/wp-json\/wp\/v2\/posts\/58931\/revisions"}],"wp:attachment":[{"href":"https:\/\/www.esteri.it\/it\/wp-json\/wp\/v2\/media?parent=58931"}],"wp:term":[{"taxonomy":"category","embeddable":true,"href":"https:\/\/www.esteri.it\/it\/wp-json\/wp\/v2\/categories?post=58931"},{"taxonomy":"post_tag","embeddable":true,"href":"https:\/\/www.esteri.it\/it\/wp-json\/wp\/v2\/tags?post=58931"}],"curies":[{"name":"wp","href":"https:\/\/api.w.org\/{rel}","templated":true}]}}