{"id":58946,"date":"2020-11-18T14:56:18","date_gmt":"2020-11-18T13:56:18","guid":{"rendered":"https:\/\/www.esteri.it\/sala_stampa\/archivionotizie\/comunicati\/2020\/11\/haifa-la-cucina-ebraica-italiana-per-le-feste\/"},"modified":"2020-11-18T14:56:18","modified_gmt":"2020-11-18T13:56:18","slug":"haifa-la-cucina-ebraica-italiana-per-le-feste","status":"publish","type":"post","link":"https:\/\/www.esteri.it\/it\/sala_stampa\/archivionotizie\/retediplomatica\/2020\/11\/haifa-la-cucina-ebraica-italiana-per-le-feste\/","title":{"rendered":"Haifa, la cucina ebraica italiana per le feste"},"content":{"rendered":"<p>In occasione della V Settimana della Cucina Italiana nel Mondo l&#8217;Istituto Italiano di Cultura di Haifa organizza una serie di cinque videoconferenze (in modalit\u00e0 zoom), sulla cucina ebraica italiana tipica delle festivit\u00e0. Durante le conferenze saranno presentati i piatti tipici per Rosh Ha Shana e le feste di Tishr\u00ec, il primo mese dell&#8217;anno; i dolci e altre pietanze fritte tipiche della festa di Hanukkah, festa dei lumi; i dolci di Purim, e i piatti da preparare per il suo ricco banchetto; le portate per la notte del seder di Pesach; e per concludere una delle feste pi\u00f9 amate dagli ebrei italiani, Shavuot, dove trionfano i piatti a base di latte e dei suoi prodotti.<\/p>\n<p>Durante le conferenze, che si terranno a ridosso delle feste, in lingua ebraica, Susy Cesana Amram, appassionata di cucina, spiegher\u00e0 la preparazione dei vari piatti attraverso immagini che illustrano le fasi di preparazione, e una videoricetta su una delle portate presentate. Alla fine della conferenza i partecipanti riceveranno un file con le ricette, in ebraico e in italiano.<\/p>\n<p>Dopo l\u2019appuntamento dello scorso 16 settembre,\u00a0<strong>La cucina ebraica italiana per Rosh Hashana e le feste del mese di Tishr\u00ec<\/strong>, seguiranno:<\/p>\n<p>\u20222 Dicembre 2020, ore 18:00 |\u00a0<strong>I dolci e i fritti tipici per Hanukkah<\/strong><\/p>\n<p>\u202217 Febbraio 2021, ore 18:00 |\u00a0<strong>Il banchetto di Purim<\/strong><\/p>\n<p>\u202217 Marzo 2021, ore 18:00 |\u00a0<strong>Il seder di Pesach e i suoi piatti<\/strong><\/p>\n<p>\u202212 Maggio 2021, ore 18:00 |\u00a0<strong>I piatti a base di latte e derivati: Shavuot<\/strong><\/p>\n<p>Evento in ebraico.<\/p>\n<p>\u2022 La partecipazione \u00e8 gratuita. \u00c8 necessario iscriversi inviando una email all\u2019indirizzo\u00a0<strong><a href=\"mailto:iichaifa@esteri.it\">iichaifa@esteri.it<\/a><\/strong>\u00a0e si ricever\u00e0 il link per l&#8217;incontro Zoom. Il link sar\u00e0 valido anche per gli incontri successivi.<\/p>\n<p>\u00a0<\/p>\n<p><img loading=\"lazy\" decoding=\"async\" src=\"https:\/\/www.esteri.it\/mae\/resource\/img\/2020\/11\/ebraica1.jpg\" width=\"600\" height=\"494\" alt=\"ebraica1\" style=\"display: block; margin-left: auto; margin-right: auto;\" \/><\/p>\n<p>\u00a0<\/p>\n<p>\u00a0<\/p>\n","protected":false},"excerpt":{"rendered":"In occasione della V Settimana della Cucina Italiana nel Mondo l&#8217;Istituto Italiano di Cultura di Haifa organizza una serie di cinque videoconferenze (in modalit\u00e0 zoom), sulla cucina ebraica italiana tipica delle festivit\u00e0. Durante le conferenze saranno presentati i piatti tipici per Rosh Ha Shana e le feste di Tishr\u00ec, il primo mese dell&#8217;anno; i dolci [&hellip;]","protected":false},"author":1,"featured_media":0,"comment_status":"","ping_status":"","sticky":false,"template":"","format":"standard","meta":{"footnotes":""},"categories":[20],"tags":[32,6,90],"class_list":["post-58946","post","type-post","status-publish","format-standard","hentry","category-retediplomatica","tag-diplomazia-culturale","tag-mediterraneo-e-medio-oriente","tag-settimana-della-cucina-italiana-mondo"],"_links":{"self":[{"href":"https:\/\/www.esteri.it\/it\/wp-json\/wp\/v2\/posts\/58946","targetHints":{"allow":["GET"]}}],"collection":[{"href":"https:\/\/www.esteri.it\/it\/wp-json\/wp\/v2\/posts"}],"about":[{"href":"https:\/\/www.esteri.it\/it\/wp-json\/wp\/v2\/types\/post"}],"author":[{"embeddable":true,"href":"https:\/\/www.esteri.it\/it\/wp-json\/wp\/v2\/users\/1"}],"replies":[{"embeddable":true,"href":"https:\/\/www.esteri.it\/it\/wp-json\/wp\/v2\/comments?post=58946"}],"version-history":[{"count":0,"href":"https:\/\/www.esteri.it\/it\/wp-json\/wp\/v2\/posts\/58946\/revisions"}],"wp:attachment":[{"href":"https:\/\/www.esteri.it\/it\/wp-json\/wp\/v2\/media?parent=58946"}],"wp:term":[{"taxonomy":"category","embeddable":true,"href":"https:\/\/www.esteri.it\/it\/wp-json\/wp\/v2\/categories?post=58946"},{"taxonomy":"post_tag","embeddable":true,"href":"https:\/\/www.esteri.it\/it\/wp-json\/wp\/v2\/tags?post=58946"}],"curies":[{"name":"wp","href":"https:\/\/api.w.org\/{rel}","templated":true}]}}