{"id":58962,"date":"2020-11-11T16:30:21","date_gmt":"2020-11-11T15:30:21","guid":{"rendered":"https:\/\/www.esteri.it\/sala_stampa\/archivionotizie\/comunicati\/2020\/11\/stoccolma-focus-sul-cinema-italiano\/"},"modified":"2020-11-11T16:30:21","modified_gmt":"2020-11-11T15:30:21","slug":"stoccolma-focus-sul-cinema-italiano","status":"publish","type":"post","link":"https:\/\/www.esteri.it\/it\/sala_stampa\/archivionotizie\/retediplomatica\/2020\/11\/stoccolma-focus-sul-cinema-italiano\/","title":{"rendered":"Stoccolma, focus sul cinema italiano"},"content":{"rendered":"<p>Da oggi\u00a0al 22 novembre ritorna lo\u00a0Stockholm International Film Festival, a cui quest\u2019anno collaborano l\u2019Istituto Italiano di Cultura di Stoccolma\u00a0e l\u2019Ambasciata d\u2019Italia a Stoccolma, grazie al piano di promozione integrata\u00a0<em>Vivere all\u2019Italiana<\/em>.<\/p>\n<p>Lo Stockholm International Film Festival, nato nel 1990, \u00e8 uno dei principali festival cinematografici europei. L&#8217;obiettivo \u00e8 offrire agli spettatori una panoramica del cinema internazionale moderno e stimolare un dibattito attraverso seminari e incontri con attori e registi.<\/p>\n<p>Il tema della 31a edizione dello Stockholm International Film Festival \u00e8\u00a0<em>out of order<\/em>. Il 2020 \u00e8 infatti un anno in cui tutto \u00e8 stato capovolto e niente \u00e8 stato pi\u00f9 lo stesso: pandemia e instabilit\u00e0 politica hanno portato a un mondo out of order. Il Festival vuole dunque creare una connessione naturale, ma ragionata, con la situazione mondiale attuale.<\/p>\n<p>All\u2019interno di questo programma, lo Stockholm Film Festival ha deciso di dedicare un\u00a0focus\u00a0speciale all&#8217;Italia. A marzo il paese \u00e8 stato tra i primi a essere duramente colpiti dalla pandemia, poi acuitasi rapidamente anche in altre nazioni, tra cui la Francia, costretta persino a cancellare l&#8217;edizione 2020 del Festival di Cannes. Allo stesso tempo, l&#8217;Italia \u00e8 stata anche tra i primi paesi a dare un segnale positivo, organizzando tra il 2 e il 12 settembre la\u00a0Mostra del Cinema di Venezia 2020, nonostante la pandemia ancora in corso.<\/p>\n<p align=\"center\"><img loading=\"lazy\" decoding=\"async\" src=\"https:\/\/www.esteri.it\/mae\/resource\/img\/2020\/11\/stoccolma_pomodori.jpeg\" width=\"500\" height=\"271\" alt=\"stoccolma pomodori\" \/><\/p>\n<p>Attraverso la proiezione di film italiani come\u00a0<i>Pinocchio<\/i>\u00a0di\u00a0Matteo Garrone,\u00a0<i>The Truffle Hunters<\/i>\u00a0di\u00a0Michael Dweck\u00a0e\u00a0Gregory Kershaw,<i>\u00a0Nowhere Special<\/i>\u00a0di\u00a0Uberto Pasolini,\u00a0<i>Lacci\u00a0<\/i>di\u00a0Daniele Lucchetti\u00a0e\u00a0<i>Non Odiare<\/i>\u00a0di\u00a0Mauro Mancini, Stockholm Film Festival permette agli spettatori di viaggiare attraverso lo schermo, portando l&#8217;Italia direttamente nei cinema di Stoccolma.<\/p>\n<p>In totale, nel corso del Festival, verranno proiettati 75 film realizzati in 42 paesi. Quest\u2019anno, per la prima volta in assoluto, il festival avr\u00e0 inoltre un format ibrido: un gran numero di film sar\u00e0 infatti reso disponibile digitalmente attraverso la piattaforma Festival on Demand, permettendo cos\u00ec a un gran numero di persone in tutta la Svezia di partecipare al Festival.<\/p>\n<p><img loading=\"lazy\" decoding=\"async\" src=\"https:\/\/www.esteri.it\/mae\/resource\/img\/2020\/11\/stoccolma_foto_locandina.jpeg\" alt=\"stoccolma foto locandina\" width=\"350\" height=\"500\" style=\"display: block; margin-left: auto; margin-right: auto;\" \/><\/p>\n","protected":false},"excerpt":{"rendered":"Da oggi\u00a0al 22 novembre ritorna lo\u00a0Stockholm International Film Festival, a cui quest\u2019anno collaborano l\u2019Istituto Italiano di Cultura di Stoccolma\u00a0e l\u2019Ambasciata d\u2019Italia a Stoccolma, grazie al piano di promozione integrata\u00a0Vivere all\u2019Italiana. Lo Stockholm International Film Festival, nato nel 1990, \u00e8 uno dei principali festival cinematografici europei. L&#8217;obiettivo \u00e8 offrire agli spettatori una panoramica del cinema internazionale [&hellip;]","protected":false},"author":1,"featured_media":0,"comment_status":"","ping_status":"","sticky":false,"template":"","format":"standard","meta":{"footnotes":""},"categories":[20],"tags":[32,9],"class_list":["post-58962","post","type-post","status-publish","format-standard","hentry","category-retediplomatica","tag-diplomazia-culturale","tag-europa"],"_links":{"self":[{"href":"https:\/\/www.esteri.it\/it\/wp-json\/wp\/v2\/posts\/58962","targetHints":{"allow":["GET"]}}],"collection":[{"href":"https:\/\/www.esteri.it\/it\/wp-json\/wp\/v2\/posts"}],"about":[{"href":"https:\/\/www.esteri.it\/it\/wp-json\/wp\/v2\/types\/post"}],"author":[{"embeddable":true,"href":"https:\/\/www.esteri.it\/it\/wp-json\/wp\/v2\/users\/1"}],"replies":[{"embeddable":true,"href":"https:\/\/www.esteri.it\/it\/wp-json\/wp\/v2\/comments?post=58962"}],"version-history":[{"count":0,"href":"https:\/\/www.esteri.it\/it\/wp-json\/wp\/v2\/posts\/58962\/revisions"}],"wp:attachment":[{"href":"https:\/\/www.esteri.it\/it\/wp-json\/wp\/v2\/media?parent=58962"}],"wp:term":[{"taxonomy":"category","embeddable":true,"href":"https:\/\/www.esteri.it\/it\/wp-json\/wp\/v2\/categories?post=58962"},{"taxonomy":"post_tag","embeddable":true,"href":"https:\/\/www.esteri.it\/it\/wp-json\/wp\/v2\/tags?post=58962"}],"curies":[{"name":"wp","href":"https:\/\/api.w.org\/{rel}","templated":true}]}}