{"id":58969,"date":"2020-11-09T16:39:31","date_gmt":"2020-11-09T15:39:31","guid":{"rendered":"https:\/\/www.esteri.it\/sala_stampa\/archivionotizie\/comunicati\/2020\/11\/madrid-arte-laguna-prize-sostenibilita-e-arte\/"},"modified":"2020-11-09T16:39:31","modified_gmt":"2020-11-09T15:39:31","slug":"madrid-arte-laguna-prize-sostenibilita-e-arte","status":"publish","type":"post","link":"https:\/\/www.esteri.it\/it\/sala_stampa\/archivionotizie\/retediplomatica\/2020\/11\/madrid-arte-laguna-prize-sostenibilita-e-arte\/","title":{"rendered":"Madrid: Arte Laguna Prize, Sostenibilit\u00e0 e Arte"},"content":{"rendered":"<div>\n<div>L\u2019Istituto Italiano di Cultura di Madrid\u00a0rinnova la collaborazione con la\u00a0<i>Semana de la Ciencia e innovaci\u00f3n de Madrid<\/i>,\u00a0giunta\u00a0alla sua XX edizione, con la presentazione della sezione di\u00a0<i>Arte Laguna Prize<\/i>\u00a0dedicata a Sostenibilit\u00e0 e Arte, ovvero a progetti che trasmettono l&#8217;importanza e il valore delle strategie delle 3R (Riuso, Riduco, Riciclo). L\u2019incontro si svolger\u00e0 in modalit\u00e0 online con traduzione simultanea l\u201911 novembre alle ore 18.00. Intervengono:\u00a0Sara Tortato, parte dello staff di Arte Laguna Prize dal 2008, insieme a\u00a0Francesca Adami\u00a0e\u00a0Mauro Fragiotta\u00a0di\u00a0<i>06D Atelier<\/i>, vincitori dell&#8217;ultima edizione. Per iscriversi cliccare\u00a0<a href=\"https:\/\/zoom.us\/webinar\/register\/WN_e7fBbgKoT-aF1UkGsKkr9A\">qui<\/a>. Dopo l\u2019iscrizione verr\u00e0 inviata un\u2019email di conferma con le informazioni necessarie per entrare nel webinar.<\/div>\n<\/div>\n<div>Per maggiori informazioni sull\u2019Arte Laguna Prize cliccare\u00a0<a href=\"http:\/\/www.artelagunaprize.com\">qui<\/a>.<\/div>\n<div>Per maggiori informazoni sulla Semana de la Ciencia e Innovaci\u00f3n\u00a0cliccare\u00a0<a href=\"https:\/\/www.semanacienciamadrid.org\/actividad\/sostenibilidad-y-arte-el-proyecto-del-arte-laguna-prize-para-reutilizar-reducir-reciclar\">qui<\/a>.<\/p>\n<\/div>\n<div style=\"text-align: justify;\">\n<div align=\"center\"><strong>\u00a0<\/strong><\/div>\n<div align=\"center\"><strong><img decoding=\"async\" src=\"https:\/\/www.esteri.it\/mae\/resource\/img\/2020\/11\/riuso.jpg\" alt=\"riuso\" style=\"display: block; margin-left: auto; margin-right: auto;\" \/><\/strong><\/div>\n<\/div>\n<div style=\"text-align: justify;\">\n<div>\u00a0<\/div>\n<div><strong><br \/>Arte Laguna Prize<\/strong>, concorso internazionale di arti visive, crede fortemente nell&#8217;importanza dell&#8217;espressione artistica anche per trasmetter valori sociali e culturali, per portare una visione innovativa dei processi produttivi e per sensibilizzare il pubblico su tematiche di attualit\u00e0. Per questo, all&#8217;interno del concorso principale, \u00e8 stata avviata una sezione dedicata a Sostenibilit\u00e0 e Arte per premiare i progetti che trasmettono l&#8217;importanza e il valore delle strategie delle 3R (Riuso, Riduco, Riciclo). Durante l&#8217;evento verr\u00e0 illustrato come questo progetto \u00e8 nato e si \u00e8 sviluppato, grazie anche alla collaborazione di partner impegnati in questo ambito; verranno inoltre presentati gli artisti vincitori dell&#8217;ultima edizione e la loro opera.\u00a0<strong>Sara Tortato<\/strong>, parte dello staff di Arte Laguna Prize dal 2008, si occupa di relazioni internazionali, gestione e coordinamento delle fasi operative del concorso, ideazione di nuovi progetti. Laureata nel 2008 presso l&#8217;Universit\u00e0 C\u00e0 Foscari di Venezia, ha da subito incontrato l&#8217;Associazione Culturale MoCA per a quale ha seguito la gestione di varie progetti artistici e tra i pi\u00f9 importanti Arte Laguna Prize.<\/div>\n<\/div>\n<div style=\"text-align: justify;\">\n<div>\u00a0<\/div>\n<div><strong>06D Atelier<\/strong>\u00a0(<strong>Francesca Adami<\/strong>\u00a0e\u00a0<strong>Mauro Fragiotta<\/strong>), \u00e8 un duo di designer italiani con base a Londra. Prima di iniziare la loro partnership come duo artistico hanno maturato esperienze in progetti di interni di lusso collaborando con studi di architettura e design in Italia e nel Regno Unito. 06D Atelier esplora e modifica le relazioni tra oggetti, ambiente e uomo, sperimentando materiali, forme e funzionalit\u00e0.<\/p>\n<\/div>\n<\/div>\n<div>\n<div align=\"center\"><strong><a href=\"resource\/img\/2020\/11\/prize_venice_logo.jpg\"><img loading=\"lazy\" decoding=\"async\" src=\"https:\/\/www.esteri.it\/mae\/resource\/img\/2020\/11\/prize_venice_logo.jpg\" alt=\"prize venice logo\" style=\"display: block; margin-left: auto; margin-right: auto;\" width=\"600\" height=\"600\" \/><\/a><br \/><\/strong><\/div>\n<\/div>\n","protected":false},"excerpt":{"rendered":"L\u2019Istituto Italiano di Cultura di Madrid\u00a0rinnova la collaborazione con la\u00a0Semana de la Ciencia e innovaci\u00f3n de Madrid,\u00a0giunta\u00a0alla sua XX edizione, con la presentazione della sezione di\u00a0Arte Laguna Prize\u00a0dedicata a Sostenibilit\u00e0 e Arte, ovvero a progetti che trasmettono l&#8217;importanza e il valore delle strategie delle 3R (Riuso, Riduco, Riciclo). L\u2019incontro si svolger\u00e0 in modalit\u00e0 online con [&hellip;]","protected":false},"author":1,"featured_media":0,"comment_status":"","ping_status":"","sticky":false,"template":"","format":"standard","meta":{"footnotes":""},"categories":[20],"tags":[32,9],"class_list":["post-58969","post","type-post","status-publish","format-standard","hentry","category-retediplomatica","tag-diplomazia-culturale","tag-europa"],"_links":{"self":[{"href":"https:\/\/www.esteri.it\/it\/wp-json\/wp\/v2\/posts\/58969","targetHints":{"allow":["GET"]}}],"collection":[{"href":"https:\/\/www.esteri.it\/it\/wp-json\/wp\/v2\/posts"}],"about":[{"href":"https:\/\/www.esteri.it\/it\/wp-json\/wp\/v2\/types\/post"}],"author":[{"embeddable":true,"href":"https:\/\/www.esteri.it\/it\/wp-json\/wp\/v2\/users\/1"}],"replies":[{"embeddable":true,"href":"https:\/\/www.esteri.it\/it\/wp-json\/wp\/v2\/comments?post=58969"}],"version-history":[{"count":0,"href":"https:\/\/www.esteri.it\/it\/wp-json\/wp\/v2\/posts\/58969\/revisions"}],"wp:attachment":[{"href":"https:\/\/www.esteri.it\/it\/wp-json\/wp\/v2\/media?parent=58969"}],"wp:term":[{"taxonomy":"category","embeddable":true,"href":"https:\/\/www.esteri.it\/it\/wp-json\/wp\/v2\/categories?post=58969"},{"taxonomy":"post_tag","embeddable":true,"href":"https:\/\/www.esteri.it\/it\/wp-json\/wp\/v2\/tags?post=58969"}],"curies":[{"name":"wp","href":"https:\/\/api.w.org\/{rel}","templated":true}]}}