{"id":58971,"date":"2020-11-09T12:23:29","date_gmt":"2020-11-09T11:23:29","guid":{"rendered":"https:\/\/www.esteri.it\/sala_stampa\/archivionotizie\/comunicati\/2020\/11\/giappone-il-xx-festival-del-cinema-italiano\/"},"modified":"2020-11-09T12:23:29","modified_gmt":"2020-11-09T11:23:29","slug":"giappone-il-xx-festival-del-cinema-italiano","status":"publish","type":"post","link":"https:\/\/www.esteri.it\/it\/sala_stampa\/archivionotizie\/retediplomatica\/2020\/11\/giappone-il-xx-festival-del-cinema-italiano\/","title":{"rendered":"Giappone, il XX Festival del Cinema Italiano"},"content":{"rendered":"<p>Venerd\u00ec 13 novembre 2020 si inaugura il\u00a0<i>XX Festival del Cinema Italiano in Giappone<\/i>, co-organizzato dagli Istituti Italiani di Cultura di Tokyo e Osaka, dal grande gruppo mediatico Asahi Shimbun e dall\u2019Istituto Luce-Cinecitt\u00e0.<\/p>\n<p>Si tratta di un\u2019edizione particolare alla luce dell\u2019emergenza COVID-19: gran parte dei film proposti saranno fruibili online da venerd\u00ec 20 novembre a domenica 20 dicembre. Nell\u2019arco di quattro settimane saranno introdotte nuove opere e sar\u00e0 possibile rivedere alcuni film di successo gi\u00e0 proiettati in passato per un totale di 29 titoli. Il Festival prevede infine alcune proiezioni dal vivo, venerd\u00ec 13 e sabato 14 novembre, in cui verranno presentati, nell\u2019Auditorium dell\u2019Istituto Italiano di Cultura di Tokyo,<i>\u00a0La dea fortuna<\/i>\u00a0di Ferzan \u00d6zpetek,\u00a0<i>Tutto il mio folle amore<\/i>\u00a0di Gabriele Salvatores e\u00a0<i>Cosa sar\u00e0<\/i>\u00a0di Francesco Bruni.<\/p>\n<p>\u201cIl cinema italiano non si arrende alle difficolt\u00e0 logistiche\u201d \u2013 commenta\u00a0Giorgio Starace, Ambasciatore d\u2019Italia in Giappone. \u201cGrazie al lavoro dei nostri Istituti Italiani di Cultura siamo orgogliosi di celebrare il XX Festival in Giappone, a favore del raffinato pubblico giapponese e della nostra industria del cinema\u201d. \u201cGrazie alla collaborazione dell\u2019Asahi Shimbun e di Istituto Luce-Cinecitt\u00e0 saremo in grado di festeggiare il XX anniversario del Festival del Cinema Italiano, divenuto un appuntamento consueto per il pubblico giapponese \u2013 ha detto il Direttore dell\u2019Istituto Italiano di Cultura,\u00a0Paolo Calvetti. \u201cLa pandemia ci toglier\u00e0 il piacere di ritrovarsi insieme nelle sale cinematografiche, ma non quello di godere di un\u2019ampia selezione di film italiani che il pubblico potr\u00e0 vedere comodamente da casa grazie alla piattaforma online predisposta per l\u2019occasione.\u201d<\/p>\n<p>L\u2019edizione 2020 del Festival si inquadra tra le azioni di \u201cItaly is back to Japan\u201d nell\u2019ambito della rassegna \u201cFare Cinema\u201d del Ministero degli Affari Esteri e della Cooperazione Internazionale. Il manifesto creato ad hoc quest\u2019anno, con un disegno della famosa fumettista\u00a0Silvia Ziche, ha come motto \u201cArriva il cinema italiano!\u201d.<\/p>\n<p>Per visitare il sito del festival &#8211; in lingua giapponese &#8211;\u00a0cliccare\u00a0<a href=\"https:\/\/www.asahi.com\/italia\/2020\/\">qui<\/a>.<\/p>\n<p>\u00a0<\/p>\n<p><img loading=\"lazy\" decoding=\"async\" src=\"https:\/\/www.esteri.it\/mae\/resource\/img\/2020\/11\/immagine_per_sito.jpg\" width=\"600\" height=\"854\" alt=\"immagine per sito\" style=\"display: block; margin-left: auto; margin-right: auto;\" \/><\/p>\n<p>\u00a0<\/p>\n<p>\u00a0<\/p>\n","protected":false},"excerpt":{"rendered":"Venerd\u00ec 13 novembre 2020 si inaugura il\u00a0XX Festival del Cinema Italiano in Giappone, co-organizzato dagli Istituti Italiani di Cultura di Tokyo e Osaka, dal grande gruppo mediatico Asahi Shimbun e dall\u2019Istituto Luce-Cinecitt\u00e0. Si tratta di un\u2019edizione particolare alla luce dell\u2019emergenza COVID-19: gran parte dei film proposti saranno fruibili online da venerd\u00ec 20 novembre a domenica [&hellip;]","protected":false},"author":1,"featured_media":0,"comment_status":"","ping_status":"","sticky":false,"template":"","format":"standard","meta":{"footnotes":""},"categories":[20],"tags":[45,32],"class_list":["post-58971","post","type-post","status-publish","format-standard","hentry","category-retediplomatica","tag-asia-e-oceania","tag-diplomazia-culturale"],"_links":{"self":[{"href":"https:\/\/www.esteri.it\/it\/wp-json\/wp\/v2\/posts\/58971","targetHints":{"allow":["GET"]}}],"collection":[{"href":"https:\/\/www.esteri.it\/it\/wp-json\/wp\/v2\/posts"}],"about":[{"href":"https:\/\/www.esteri.it\/it\/wp-json\/wp\/v2\/types\/post"}],"author":[{"embeddable":true,"href":"https:\/\/www.esteri.it\/it\/wp-json\/wp\/v2\/users\/1"}],"replies":[{"embeddable":true,"href":"https:\/\/www.esteri.it\/it\/wp-json\/wp\/v2\/comments?post=58971"}],"version-history":[{"count":0,"href":"https:\/\/www.esteri.it\/it\/wp-json\/wp\/v2\/posts\/58971\/revisions"}],"wp:attachment":[{"href":"https:\/\/www.esteri.it\/it\/wp-json\/wp\/v2\/media?parent=58971"}],"wp:term":[{"taxonomy":"category","embeddable":true,"href":"https:\/\/www.esteri.it\/it\/wp-json\/wp\/v2\/categories?post=58971"},{"taxonomy":"post_tag","embeddable":true,"href":"https:\/\/www.esteri.it\/it\/wp-json\/wp\/v2\/tags?post=58971"}],"curies":[{"name":"wp","href":"https:\/\/api.w.org\/{rel}","templated":true}]}}