{"id":58977,"date":"2020-11-06T11:06:30","date_gmt":"2020-11-06T10:06:30","guid":{"rendered":"https:\/\/www.esteri.it\/sala_stampa\/archivionotizie\/comunicati\/2020\/11\/washington-il-quarto-italian-design-day\/"},"modified":"2020-11-06T11:06:30","modified_gmt":"2020-11-06T10:06:30","slug":"washington-il-quarto-italian-design-day","status":"publish","type":"post","link":"https:\/\/www.esteri.it\/it\/sala_stampa\/archivionotizie\/retediplomatica\/2020\/11\/washington-il-quarto-italian-design-day\/","title":{"rendered":"Washington, il quarto Italian Design Day"},"content":{"rendered":"<p>Si \u00e8 tenuta ieri la quarta edizione della\u00a0Giornata\u00a0del\u00a0Design\u00a0italiano negli Stati Uniti, con un evento sul web (a causa del coronavirus) organizzato dall&#8217;Agenzia Ice di New York in coordinamento con i cinque uffici della rete Usa e dall&#8217;Ambasciata italiana a Washington, che ha visto la partecipazione dei grandi protagonisti dell&#8217;Italian\u00a0Design\u00a0System. &#8220;Il lavoro di\u00a0designer e architetti italiani continuer\u00e0 a rappresentare un fattore trainante di innovazione in Italia, negli Usa e nel mondo. Nuove idee, nuovi materiali, nuove tecnologie sono la forma del futuro&#8221;, ha affermato l&#8217;ambasciatore Armando Varricchio dando il via all&#8217;appuntamento, che ha consentito di analizzare i principali trend del mercato americano per un settore fortemente legato alla cultura e all&#8217;industria tricolore, che nel 2019 ha esportato verso gli Stati Uniti prodotti per un valore di 3 miliardi di dollari.<\/p>\n<p>Nel suo intervento, Antonino La Spina, Direttore dell&#8217;Ufficio ICE di New York, ha osservato come l&#8217;industria del design italiano &#8220;abbia un ruolo fondamentale nella composizione delle esportazioni italiane verso gli USA&#8221; e sottolineato come le societ\u00e0 italiane offrano prodotti innovativi, sostenibili, la cui qualit\u00e0 \u00e8 fortemente apprezzata negli USA.<\/p>\n<p>Riflettendo sul tema della Giornata del Design, l&#8217;Ambasciatore Varricchio ha ricordato infine come &#8220;design in inglese significhi \u201cprogettare\u201d e mai come quest\u2019anno &#8211; segnato dalla pandemia &#8211; si debba fare leva sulla creativit\u00e0, l\u2019ingegno, e lo stile italiano per guardare avanti e prepararci al futuro&#8221;.<\/p>\n<p>\u00a0<\/p>\n<p><iframe loading=\"lazy\" src=\"https:\/\/www.facebook.com\/plugins\/video.php?height=314&#038;href=https%3A%2F%2Fwww.facebook.com%2FItalyInUs.org%2Fvideos%2F393439275146031%2F&#038;show_text=false&#038;width=560\" width=\"560\" height=\"314\" style=\"border: none; overflow: hidden; display: block; margin-left: auto; margin-right: auto;\" scrolling=\"no\" seamless=\"seamless\" allowtransparency=\"true\" allow=\"encrypted-media\" allowfullscreen=\"allowfullscreen\"><\/iframe><\/p>\n<p>\u00a0<\/p>\n<p>All\u2019evento di apertura hanno fatto seguito incontri organizzati dalla rete diplomatico-consolare, in collaborazione con gli uffici ICE e gli Istituti Italiani di Cultura, a Chicago, Filadelfia, Houston, Los Angeles, Miami e San Francisco. Agli eventi hanno partecipato personalit\u00e0 come Piero Lissoni, Alba Cappellieri, Gianni Veneziani, Luciana Di Virgilio, Pio e Tito Toso, Ambasciatori del Design Italiano nel mondo.\u00a0<\/p>\n<p>\u00a0<\/p>\n<p><img loading=\"lazy\" decoding=\"async\" src=\"https:\/\/www.esteri.it\/mae\/resource\/img\/2020\/11\/washington_approfondimenti.jpg\" width=\"600\" height=\"337\" alt=\"washington approfondimenti\" style=\"display: block; margin-left: auto; margin-right: auto;\" \/><\/p>\n<p>\u00a0<\/p>\n<p><iframe loading=\"lazy\" width=\"560\" height=\"315\" src=\"https:\/\/www.youtube-nocookie.com\/embed\/AAbr8vRTxUQ\" seamless=\"seamless\" allow=\"accelerometer; autoplay; clipboard-write; encrypted-media; gyroscope; picture-in-picture\" allowfullscreen=\"allowfullscreen\" style=\"display: block; margin-left: auto; margin-right: auto;\"><\/iframe><\/p>\n","protected":false},"excerpt":{"rendered":"Si \u00e8 tenuta ieri la quarta edizione della\u00a0Giornata\u00a0del\u00a0Design\u00a0italiano negli Stati Uniti, con un evento sul web (a causa del coronavirus) organizzato dall&#8217;Agenzia Ice di New York in coordinamento con i cinque uffici della rete Usa e dall&#8217;Ambasciata italiana a Washington, che ha visto la partecipazione dei grandi protagonisti dell&#8217;Italian\u00a0Design\u00a0System. &#8220;Il lavoro di\u00a0designer e architetti italiani [&hellip;]","protected":false},"author":1,"featured_media":0,"comment_status":"","ping_status":"","sticky":false,"template":"","format":"standard","meta":{"footnotes":""},"categories":[20],"tags":[397,32,312],"class_list":["post-58977","post","type-post","status-publish","format-standard","hentry","category-retediplomatica","tag-america-settentrionale","tag-diplomazia-culturale","tag-italian-design-day"],"_links":{"self":[{"href":"https:\/\/www.esteri.it\/it\/wp-json\/wp\/v2\/posts\/58977","targetHints":{"allow":["GET"]}}],"collection":[{"href":"https:\/\/www.esteri.it\/it\/wp-json\/wp\/v2\/posts"}],"about":[{"href":"https:\/\/www.esteri.it\/it\/wp-json\/wp\/v2\/types\/post"}],"author":[{"embeddable":true,"href":"https:\/\/www.esteri.it\/it\/wp-json\/wp\/v2\/users\/1"}],"replies":[{"embeddable":true,"href":"https:\/\/www.esteri.it\/it\/wp-json\/wp\/v2\/comments?post=58977"}],"version-history":[{"count":0,"href":"https:\/\/www.esteri.it\/it\/wp-json\/wp\/v2\/posts\/58977\/revisions"}],"wp:attachment":[{"href":"https:\/\/www.esteri.it\/it\/wp-json\/wp\/v2\/media?parent=58977"}],"wp:term":[{"taxonomy":"category","embeddable":true,"href":"https:\/\/www.esteri.it\/it\/wp-json\/wp\/v2\/categories?post=58977"},{"taxonomy":"post_tag","embeddable":true,"href":"https:\/\/www.esteri.it\/it\/wp-json\/wp\/v2\/tags?post=58977"}],"curies":[{"name":"wp","href":"https:\/\/api.w.org\/{rel}","templated":true}]}}