{"id":58979,"date":"2020-11-05T16:13:11","date_gmt":"2020-11-05T15:13:11","guid":{"rendered":"https:\/\/www.esteri.it\/sala_stampa\/archivionotizie\/comunicati\/2020\/11\/riad-idd-2020-dialogo-con-l-architetto-marco-piva\/"},"modified":"2020-11-05T16:13:11","modified_gmt":"2020-11-05T15:13:11","slug":"riad-idd-2020-dialogo-con-l-architetto-marco-piva","status":"publish","type":"post","link":"https:\/\/www.esteri.it\/it\/sala_stampa\/archivionotizie\/retediplomatica\/2020\/11\/riad-idd-2020-dialogo-con-l-architetto-marco-piva\/","title":{"rendered":"Riad: IDD 2020, dialogo con l\u2019architetto Marco Piva"},"content":{"rendered":"<p>In occasione del quarto Italian Design Day l\u2019Ambasciata d\u2019Italia a Riad, in collaborazione con ArchiNet, organizza un seminario virtuale con l\u2019architetto Marco Piva.\u00a0L\u2019evento, che si terr\u00e0 luned\u00ec 9 novembre alle ore 20 (le 18 in Italia), sar\u00e0 moderato dall\u2019architetto Saudita Yazeed Motawa, fondatore di SpaceStudio.<\/p>\n<p>\u201cSiamo onorati di avere l\u2019Architetto Marco Piva quale Ambasciatore del design italiano per la citt\u00e0 di Riad \u2013 ha affermato l\u2019Ambasciatore Roberto Cantone. \u201cLa pandemia ci ha mostrato in maniera molto concreta come il design e l\u2019organizzazione delle nostre citt\u00e0, dei nostri luoghi di lavoro e delle nostre case e il nostro modo di abitare questi spazi influisce profondamente sulle nostre vite e sul nostro benessere. Nella nuova realt\u00e0 creata dalla pandemia, abbiamo bisogno di ripensare a ci\u00f2 che ci unisce come esseri umani e il design \u00e8 uno strumento essenziale per ridisegnare e ricostruire i nostri ambienti e le nostre comunit\u00e0. Il design italiano \u00e8 sinonimo in tutto il mondo di bellezza, innovazione e sostenibilit\u00e0. Sono molto contento, che grazie all\u2019ottima collaborazione con ArchiNet, abbiamo questa possibilit\u00e0 unica di ospitare a Riad (anche se solo virtualmente) un prominente architetto e designer come Marco Piva e di avviare un profondo dialogo con lui su questi temi\u201d.<\/p>\n<p>Per registrarsi o seguire l\u2019evento &#8211; che si terr\u00e0 in lingua inglese &#8211;\u00a0<a href=\"https:\/\/us02web.zoom.us\/meeting\/register\/tZwtdO-uqj8sHNA-i1PjL3te58p4OLOlIbsE\" title=\"cliccare\u00a0qui\">cliccare\u00a0qui<\/a>.<\/p>\n<p>\u00a0<\/p>\n<p align=\"center\"><img loading=\"lazy\" decoding=\"async\" src=\"https:\/\/www.esteri.it\/mae\/resource\/img\/2020\/11\/riad_marco_piva.jpg\" alt=\"riad marco piva\" width=\"500\" height=\"500\" \/>\u00a0 \u00a0<\/p>\n<p align=\"center\">\u00a0 \u00a0 \u00a0<\/p>\n<p>Marco Piva \u00e8 uno degli architetti pi\u00f9 rappresentativi dell\u2019industria del design e creativa italiana, con pi\u00f9 di 40 anni di esperienza. Fondatore dello Studio Marco Piva, l\u2019Architetto Piva lavora su tutte le scale di progettazione: dal master planning all\u2019architettura, dall\u2019interior all\u2019industrial design. Le sue creazioni sono caratterizzate da un linguaggio \u201cemozionante, fluido e funzionale\u201d, contraddistinte da una solida ricerca dei materiali e delle tecnologie, dai principi di differenziazione e innovazione, e da un profondo impegno ad esprimere le caratteristiche uniche della cultura e del luogo cui sono destinate. \u00a0 \u00a0 \u00a0 \u00a0 \u00a0\u00a0<\/p>\n<p>\u00a0<\/p>\n<p><iframe loading=\"lazy\" width=\"560\" height=\"315\" src=\"https:\/\/www.youtube-nocookie.com\/embed\/rxSCWF4kcHo\" seamless=\"seamless\" allow=\"accelerometer; autoplay; clipboard-write; encrypted-media; gyroscope; picture-in-picture\" allowfullscreen=\"allowfullscreen\" style=\"display: block; margin-left: auto; margin-right: auto;\"><\/iframe><\/p>\n<p>\u00a0<\/p>\n<div>Fondata nel 2017 e con oltre 20mila membri in Arabia Saudita, Medio Oriente e nel resto del mondo, ArchiNet \u00e8 una piattaforma di dialogo che unisce professionisti e accademici rappresentativi di tutti i settori dell\u2019architettura e del design, con l\u2019obiettivo di favorire lo scambio di conoscenze e la condivisione di esperienze.<\/div>\n","protected":false},"excerpt":{"rendered":"In occasione del quarto Italian Design Day l\u2019Ambasciata d\u2019Italia a Riad, in collaborazione con ArchiNet, organizza un seminario virtuale con l\u2019architetto Marco Piva.\u00a0L\u2019evento, che si terr\u00e0 luned\u00ec 9 novembre alle ore 20 (le 18 in Italia), sar\u00e0 moderato dall\u2019architetto Saudita Yazeed Motawa, fondatore di SpaceStudio. \u201cSiamo onorati di avere l\u2019Architetto Marco Piva quale Ambasciatore del [&hellip;]","protected":false},"author":1,"featured_media":0,"comment_status":"","ping_status":"","sticky":false,"template":"","format":"standard","meta":{"footnotes":""},"categories":[20],"tags":[32,312,6],"class_list":["post-58979","post","type-post","status-publish","format-standard","hentry","category-retediplomatica","tag-diplomazia-culturale","tag-italian-design-day","tag-mediterraneo-e-medio-oriente"],"_links":{"self":[{"href":"https:\/\/www.esteri.it\/it\/wp-json\/wp\/v2\/posts\/58979","targetHints":{"allow":["GET"]}}],"collection":[{"href":"https:\/\/www.esteri.it\/it\/wp-json\/wp\/v2\/posts"}],"about":[{"href":"https:\/\/www.esteri.it\/it\/wp-json\/wp\/v2\/types\/post"}],"author":[{"embeddable":true,"href":"https:\/\/www.esteri.it\/it\/wp-json\/wp\/v2\/users\/1"}],"replies":[{"embeddable":true,"href":"https:\/\/www.esteri.it\/it\/wp-json\/wp\/v2\/comments?post=58979"}],"version-history":[{"count":0,"href":"https:\/\/www.esteri.it\/it\/wp-json\/wp\/v2\/posts\/58979\/revisions"}],"wp:attachment":[{"href":"https:\/\/www.esteri.it\/it\/wp-json\/wp\/v2\/media?parent=58979"}],"wp:term":[{"taxonomy":"category","embeddable":true,"href":"https:\/\/www.esteri.it\/it\/wp-json\/wp\/v2\/categories?post=58979"},{"taxonomy":"post_tag","embeddable":true,"href":"https:\/\/www.esteri.it\/it\/wp-json\/wp\/v2\/tags?post=58979"}],"curies":[{"name":"wp","href":"https:\/\/api.w.org\/{rel}","templated":true}]}}