{"id":58989,"date":"2020-11-04T14:50:41","date_gmt":"2020-11-04T13:50:41","guid":{"rendered":"https:\/\/www.esteri.it\/sala_stampa\/archivionotizie\/comunicati\/2020\/11\/madrid-il-design-un-viaggio-tra-italia-e-spagna\/"},"modified":"2020-11-04T14:50:41","modified_gmt":"2020-11-04T13:50:41","slug":"madrid-il-design-un-viaggio-tra-italia-e-spagna","status":"publish","type":"post","link":"https:\/\/www.esteri.it\/it\/sala_stampa\/archivionotizie\/retediplomatica\/2020\/11\/madrid-il-design-un-viaggio-tra-italia-e-spagna\/","title":{"rendered":"Madrid, &#8220;Il Design, un Viaggio tra Italia e Spagna&#8221;"},"content":{"rendered":"<p>\u201cIl Design: un viaggio tra Italia e Spagna\u201d: in un video i risultati del progetto.<\/p>\n<p>In occasione dell\u2019Italian Design Day 2020, dedicato al tema \u201cDisegnare il futuro. Sviluppo, innovazione, sostenibilit\u00e0, bellezza\u201d, l\u2019Ambasciata d\u2019Italia a Madrid ha presentato in un video i risultati del concorso \u201cIl Design: un viaggio tra Italia e Spagna\u201d rivolto a studenti spagnoli e giovani creativi sotto i 35 anni e realizzato in collaborazione con il Consolato Generale a Barcellona, INTERNI Magazine, l\u2019Ordine degli Architetti di Madrid (COAM), l\u2019Associazione dei Designer di Madrid (DIMAD), l\u2019Associazione del Design Industriale di Barcellona (ADI-FAD).<\/p>\n<p>Nel cortometraggio, realizzato\u00a0 da INTERNI Magazine con la collaborazione del Poli.Design di Milano, appaiono l\u2019Ambasciatore Riccardo Guariglia e i membri della Giuria internazionale che ha valutato le proposte: la Direttrice di INTERNI Gilda Bojardi, il Presidente del Poli.Design Francesco Zurlo, il Presidente dell\u2019Associazione per il Disegno Industriale (ADI) Luciano Galimberti, il Presidente di ADI-FAD Salvi Plaja e il designer Mariano Mart\u00edn di DIMAD.<\/p>\n<p>Protagonisti del video i giovani designer autori dei progetti vincitori e le imprese italiane che hanno sviluppato i relativi prototipi: Blanca Gal\u00e1n Merino e Pablo Sinan Akg\u00fcl Garcimart\u00edn, studenti dello IED di Madrid e autori progetto \u201cAnyway\u201d, realizzato da True Design; Amalia Puga Cividanes, studentessa dell\u2019ELISAVA ed autrice del progetto \u201cEntre Redes\u201d, realizzato da Emu; Diego Finger, studente della Scuola Tecnica Superiore dell\u2019Universit\u00e0 Politecnica di Madrid e autore del progetto \u201cGya\u201d, realizzato da Baleri Italia; Paula Chac\u00e1rtegui, studentessa dello IED di Barcellona ed autrice del progetto \u201cKama\u201d, realizzato da Alessi; Daniela Grisel Beizaga Laura, studentessa dello IED di Madrid ed autrice del progetto \u201cMarana Wooden Knife\u201d, realizzato da Disegno Mobile; Carla J\u00f6rgens Vidal, studentessa dello IED di Barcellona ed autrice del progetto \u201cN\u00e4he\u201d, realizzato da Martinelli Luce; Irene Infantes, professionista under 35, autrice del progetto \u201cTrashumancia\u201d, realizzato da cc-tapis.<\/p>\n<p>\u201cNonostante le difficolt\u00e0 degli ultimi mesi &#8211; ha dichiarato l\u2019Ambasciatore Guariglia &#8211; abbiamo voluto portare a termine un progetto che testimonia l\u2019impegno e la vicinanza delle istituzioni al mondo del design. Le aziende italiane partner hanno realizzato un lavoro straordinario, portando a termine la realizzazione dei prototipi, con l\u2019intenzione addirittura di commercializzarne alcuni. Ci sembra questo il modo migliore per conseguire gli obiettivi principali del progetto, e cio\u00e8 far conoscere ancora di pi\u00f9 il design italiano in Spagna e favorire il collegamento tra il mondo creativo spagnolo e le imprese italiane del settore\u201d.<\/p>\n<p>L\u2019iniziativa si inserisce nella strategia integrata \u201cVivere all\u2019Italiana\u201d del Ministero degli Affari Esteri e della Cooperazione internazionale.<\/p>\n<p>\u00a0<\/p>\n<p><iframe loading=\"lazy\" width=\"560\" height=\"315\" src=\"https:\/\/www.youtube-nocookie.com\/embed\/sM4MFuYdXwU\" seamless=\"seamless\" allow=\"accelerometer; autoplay; clipboard-write; encrypted-media; gyroscope; picture-in-picture\" allowfullscreen=\"allowfullscreen\" style=\"display: block; margin-left: auto; margin-right: auto;\"><\/iframe><\/p>\n<p>\u00a0<\/p>\n<p>\u00a0<\/p>\n","protected":false},"excerpt":{"rendered":"\u201cIl Design: un viaggio tra Italia e Spagna\u201d: in un video i risultati del progetto. In occasione dell\u2019Italian Design Day 2020, dedicato al tema \u201cDisegnare il futuro. Sviluppo, innovazione, sostenibilit\u00e0, bellezza\u201d, l\u2019Ambasciata d\u2019Italia a Madrid ha presentato in un video i risultati del concorso \u201cIl Design: un viaggio tra Italia e Spagna\u201d rivolto a studenti [&hellip;]","protected":false},"author":1,"featured_media":0,"comment_status":"","ping_status":"","sticky":false,"template":"","format":"standard","meta":{"footnotes":""},"categories":[20],"tags":[32,9,312],"class_list":["post-58989","post","type-post","status-publish","format-standard","hentry","category-retediplomatica","tag-diplomazia-culturale","tag-europa","tag-italian-design-day"],"_links":{"self":[{"href":"https:\/\/www.esteri.it\/it\/wp-json\/wp\/v2\/posts\/58989","targetHints":{"allow":["GET"]}}],"collection":[{"href":"https:\/\/www.esteri.it\/it\/wp-json\/wp\/v2\/posts"}],"about":[{"href":"https:\/\/www.esteri.it\/it\/wp-json\/wp\/v2\/types\/post"}],"author":[{"embeddable":true,"href":"https:\/\/www.esteri.it\/it\/wp-json\/wp\/v2\/users\/1"}],"replies":[{"embeddable":true,"href":"https:\/\/www.esteri.it\/it\/wp-json\/wp\/v2\/comments?post=58989"}],"version-history":[{"count":0,"href":"https:\/\/www.esteri.it\/it\/wp-json\/wp\/v2\/posts\/58989\/revisions"}],"wp:attachment":[{"href":"https:\/\/www.esteri.it\/it\/wp-json\/wp\/v2\/media?parent=58989"}],"wp:term":[{"taxonomy":"category","embeddable":true,"href":"https:\/\/www.esteri.it\/it\/wp-json\/wp\/v2\/categories?post=58989"},{"taxonomy":"post_tag","embeddable":true,"href":"https:\/\/www.esteri.it\/it\/wp-json\/wp\/v2\/tags?post=58989"}],"curies":[{"name":"wp","href":"https:\/\/api.w.org\/{rel}","templated":true}]}}