{"id":59006,"date":"2020-10-29T15:14:21","date_gmt":"2020-10-29T14:14:21","guid":{"rendered":"https:\/\/www.esteri.it\/sala_stampa\/archivionotizie\/comunicati\/2020\/10\/lussemburgo-la-quarta-edizione-dell-italian-design-day\/"},"modified":"2020-10-29T15:14:21","modified_gmt":"2020-10-29T14:14:21","slug":"lussemburgo-la-quarta-edizione-dell-italian-design-day","status":"publish","type":"post","link":"https:\/\/www.esteri.it\/it\/sala_stampa\/archivionotizie\/retediplomatica\/2020\/10\/lussemburgo-la-quarta-edizione-dell-italian-design-day\/","title":{"rendered":"Lussemburgo, la quarta edizione dell&#8217;Italian Design Day"},"content":{"rendered":"<p style=\"text-align: left;\">Si \u00e8 celebrata ieri, mercoled\u00ec 28 ottobre, la quarta edizione dell\u2019Italian Design Day a Lussemburgo, sul tema\u00a0<i>\u201cDisegnare il futuro. Sviluppo, Innovazione, Sostenibilit\u00e0 e Bellezza\u201d\u00a0<\/i>con focus sulla progettualit\u00e0 nel settore costruzioni, in piena espansione nel Granducato. L\u2019obiettivo dell\u2019evento co-organizzato dall\u2019Ambasciata d\u2019Italia e dalla Camera di Commercio Italo-Lussemburghese (CCIL) era quello di sostenere l\u2019immagine del design quale elemento peculiare del \u201cMarchio Italia\u201d e di alimentare le opportunit\u00e0 di confronto e di ingresso sul mercato lussemburghese degli operatori italiani che offrono soluzioni ad elevato contenuto ambientale, tecnologico e architettonico.\u00a0<\/p>\n<p>\u00a0<\/p>\n<p><img loading=\"lazy\" decoding=\"async\" src=\"https:\/\/www.esteri.it\/mae\/resource\/img\/2020\/10\/approfondimentussemi__elcimvdxeai_gqx.jpg\" width=\"600\" height=\"450\" alt=\"approfondimentussemi  elcimvdxeai gqx\" style=\"display: block; margin-left: auto; margin-right: auto;\" \/><\/p>\n<p>\u00a0<\/p>\n<p>Il \u201ctestimonial\u201d italiano dell\u2019evento \u00e8 stato l\u2019Architetto Enrico Frigerio, designato dal Comitato scientifico \u201cAmbasciatore del design italiano\u201d per la rassegna in Lussemburgo. Entrato da giovane nel Workshop di Renzo Piano da cui ha imparato il mestiere, nel 1991 ha fondato il Frigerio Design Group che fa della qualit\u00e0 e del rapporto con l\u2019ambiente il proprio obiettivo primario, all\u2019insegna della \u201cslow-architecture\u201d, filosofia che impone di rallentare per raggiungere la massima consapevolezza del costruire. Tra i suoi progetti pi\u00f9 significativi: la tribuna ecologica dell\u2019Autodromo di Imola, le centrali elettriche del gruppo svizzero EGL, il Centro sportivo Ferdeghini per lo Spezia Calcio, la nuova Stazione Elettrica di Terna a Capri e la Sede centrale di Cr\u00e8dit-Agricole Green Life. Sono in via di sviluppo il Ferrero Technical Center ad Alba e la trasformazione della centrale Enel di Alessandria in un parco di sport estremi.<\/p>\n<p>Al Lussemburgo guardano con molto interesse anche le imprese di costruzione italiane, la cui professionalit\u00e0 \u00e8 molto apprezzata dai committenti locali che gi\u00e0 si avvalgono di contractors italiani per la realizzazione di complessi residenziali e aziendali, basati sull\u2019edilizia eco-sostenibile. Per illustrare l\u2019esperienza e le tecniche pi\u00f9 innovative delle imprese italiane specializzate in processi efficienti, sicuri e a basso impatto ambientale, sono intervenuti Angelica Donati\u00a0e Matteo Baroni, entrambi Presidenti di ANCE Giovani rispettivamente per la Regione Lazio e per la Regione Lombardia, accompagnati in Lussemburgo da una delegazione di imprenditori edili che hanno visitato alcuni cantieri della citt\u00e0.<\/p>\n<p>\u00a0<\/p>\n<p><iframe loading=\"lazy\" src=\"https:\/\/www.facebook.com\/plugins\/video.php?height=314&#038;href=https%3A%2F%2Fwww.facebook.com%2FItalianFestivalLuxembourg%2Fvideos%2F268740994544099%2F&#038;show_text=false&#038;width=560\" width=\"560\" height=\"314\" style=\"border: none; overflow: hidden; display: block; margin-left: auto; margin-right: auto;\" scrolling=\"no\" seamless=\"seamless\" allowtransparency=\"true\" allow=\"encrypted-media\" allowfullscreen=\"allowfullscreen\"><\/iframe><\/p>\n<p>\u00a0<\/p>\n<p>\u00a0<\/p>\n<p>\u00a0<\/p>\n","protected":false},"excerpt":{"rendered":"Si \u00e8 celebrata ieri, mercoled\u00ec 28 ottobre, la quarta edizione dell\u2019Italian Design Day a Lussemburgo, sul tema\u00a0\u201cDisegnare il futuro. Sviluppo, Innovazione, Sostenibilit\u00e0 e Bellezza\u201d\u00a0con focus sulla progettualit\u00e0 nel settore costruzioni, in piena espansione nel Granducato. L\u2019obiettivo dell\u2019evento co-organizzato dall\u2019Ambasciata d\u2019Italia e dalla Camera di Commercio Italo-Lussemburghese (CCIL) era quello di sostenere l\u2019immagine del design quale [&hellip;]","protected":false},"author":1,"featured_media":0,"comment_status":"","ping_status":"","sticky":false,"template":"","format":"standard","meta":{"footnotes":""},"categories":[20],"tags":[32,9,312],"class_list":["post-59006","post","type-post","status-publish","format-standard","hentry","category-retediplomatica","tag-diplomazia-culturale","tag-europa","tag-italian-design-day"],"_links":{"self":[{"href":"https:\/\/www.esteri.it\/it\/wp-json\/wp\/v2\/posts\/59006","targetHints":{"allow":["GET"]}}],"collection":[{"href":"https:\/\/www.esteri.it\/it\/wp-json\/wp\/v2\/posts"}],"about":[{"href":"https:\/\/www.esteri.it\/it\/wp-json\/wp\/v2\/types\/post"}],"author":[{"embeddable":true,"href":"https:\/\/www.esteri.it\/it\/wp-json\/wp\/v2\/users\/1"}],"replies":[{"embeddable":true,"href":"https:\/\/www.esteri.it\/it\/wp-json\/wp\/v2\/comments?post=59006"}],"version-history":[{"count":0,"href":"https:\/\/www.esteri.it\/it\/wp-json\/wp\/v2\/posts\/59006\/revisions"}],"wp:attachment":[{"href":"https:\/\/www.esteri.it\/it\/wp-json\/wp\/v2\/media?parent=59006"}],"wp:term":[{"taxonomy":"category","embeddable":true,"href":"https:\/\/www.esteri.it\/it\/wp-json\/wp\/v2\/categories?post=59006"},{"taxonomy":"post_tag","embeddable":true,"href":"https:\/\/www.esteri.it\/it\/wp-json\/wp\/v2\/tags?post=59006"}],"curies":[{"name":"wp","href":"https:\/\/api.w.org\/{rel}","templated":true}]}}