{"id":59056,"date":"2020-10-07T13:22:37","date_gmt":"2020-10-07T11:22:37","guid":{"rendered":"https:\/\/www.esteri.it\/sala_stampa\/archivionotizie\/comunicati\/2020\/10\/iic-tel-aviv-il-terra-sancta-organ-festival\/"},"modified":"2020-10-07T13:22:37","modified_gmt":"2020-10-07T11:22:37","slug":"iic-tel-aviv-il-terra-sancta-organ-festival","status":"publish","type":"post","link":"https:\/\/www.esteri.it\/it\/sala_stampa\/archivionotizie\/retediplomatica\/2020\/10\/iic-tel-aviv-il-terra-sancta-organ-festival\/","title":{"rendered":"IIC Tel Aviv: il Terra Sancta Organ Festival"},"content":{"rendered":"<p>L\u2019Istituto Italiano di Cultura di Tel Aviv, in collaborazione con il Terra Sancta Organ Festival della Custodia di Terra Santa, presenta domani 8 ottobre alle ore 17 israeliane (le 16 in Italia) un concerto del Maestro organista Sr. M. Cecilia Pia Manelli (organista titolare del Santo Sepolcro) e del Maestro violoncellista Lucia D\u2019Anna (gi\u00e0 violoncellista dell\u2019Orchestra Sinfonica \u201cLa Verdi\u201d di Milano e docente di violoncello presso l\u2019Istituto Magnificat di Gerusalemme), registrato presso la Chiesa di San Pietro di Giaffa.<\/p>\n<p>Il programma \u00e8 composto da brani di compositori italiani ed \u00e8 stato eseguito sull\u2019organo pi\u00f9 antico di Israele (Agati Nicomede e Fratelli, Pistoia 1847).<\/p>\n<p>Il concerto, registrato in assenza di pubblico a causa delle restrizioni imposte dalle autorit\u00e0 israeliane per contrastare la diffusione dell\u2019epidemia da Covid-19, sar\u00e0 trasmesso sul canale Youtube del Terra Sancta Organ Festival e diffuso attraverso tutti i canali di comunicazione dell\u2019IIC.<\/p>\n<p>I concerti del Terra Sancta Organ Festival si svolgono presso le chiese e i santuari della Terra Santa, ma tutti sono invitati, qualsiasi sia l\u2019appartenenza religiosa: il Terra Sancta Organ Festival \u00e8 infatti una delle rare occasioni in Medio Oriente e nel Levante dove \u00e8 possibile ascoltare il suono di un organo a canne al di fuori del suo normale contesto liturgico. \u00c8 organizzato dalla Custodia di Terra Santa nelle terre in cui le comunit\u00e0 dei frati francescani sono state attive per secoli e rappresenta l\u2019unico festival musicale a svolgersi in Israele, Palestina, Libano, Cipro e diversi altri Paesi del Medio Oriente e del Levante.<\/p>\n<p>\u00a0<\/p>\n<p align=\"center\"><img loading=\"lazy\" decoding=\"async\" src=\"https:\/\/www.esteri.it\/mae\/resource\/img\/2020\/10\/terrasancta.jpg\" width=\"600\" height=\"299\" alt=\"terrasancta\" style=\"display: block; margin-left: auto; margin-right: auto;\" \/><\/p>\n<p>\u00a0<\/p>\n<p>Sr. M. Cecilia Pia Manelli\u00a0\u00e8 l&#8217;organista ufficiale della Basilica del Santo Sepolcro di Gerusalemme. Diplomata in pianoforte e organo e composizione organistica presso il Conservatorio di Musica di Frosinone e in composizione presso il Conservatorio di Musica di Benevento. Nel 2011 ha conseguito il Dottorato in Canto Gregoriano presso il Pontificio Istituto di Musica Sacra di Roma e nel 2015 la Licenza in Teologia Liturgica presso la Pontificia Universit\u00e0 della Santa Croce a Roma. Il 25 maggio 2020 ha conseguito il Dottorato in Teologia con specializzazione in Teologia Liturgica presso la Pontificia Universit\u00e0 della Santa Croce a Roma. Oltre all&#8217;attivit\u00e0 di musicista (concerti in Italia e all&#8217;estero, pubblicazioni di CD con il coro delle Suore Francescane dell&#8217;Immacolata, convegni e seminari), collabora con varie riviste, sia di natura musicale che teologica. Da marzo 2019 \u00e8 organista ufficiale della Basilica del Santo Sepolcro di Gerusalemme.<\/p>\n<p>Lucia D\u2019Anna, nata a Varese, inizia giovanissima gli studi musicali, dedicandosi subito al violoncello. Ha studiato al Conservatorio G. Verdi di Milano con Marco Bernardin. Ha conseguito il Bachelor in violoncello e il Master in violoncello e insegnamento presso il Conservatorio di Lugano nella classe di Taisuke Yamashita e Mattia Zappa. Ha studiato violoncello e viola da gamba con Myrna Herzog. Ha partecipato a numerose masterclass tenute da Wieland Kujken, Julius Berger, Lucas Fels, Zvi Plesser. Ha concluso il biennio orchestrale all&#8217;Accademia del Teatro alla Scala. Suona da molti anni con l&#8217;orchestra sinfonica La Verdi di Milano. Lucia D\u2019Anna ha un profondo interesse sia per la musica contemporanea che per la musica barocca. Ha eseguito numerose prime di compositori contemporanei. Suona regolarmente, violoncello barocco e viola da gamba, con la Jerusalem Baroque Orchestra, l&#8217;ensemble Phoenix e altri ensemble di musica barocca. Attualmente insegna violoncello e materie teoriche al Magnificat Institute di Gerusalemme e al Conservatorio Nazionale Palestinese Edward Said di Gerusalemme.<\/p>\n","protected":false},"excerpt":{"rendered":"L\u2019Istituto Italiano di Cultura di Tel Aviv, in collaborazione con il Terra Sancta Organ Festival della Custodia di Terra Santa, presenta domani 8 ottobre alle ore 17 israeliane (le 16 in Italia) un concerto del Maestro organista Sr. M. Cecilia Pia Manelli (organista titolare del Santo Sepolcro) e del Maestro violoncellista Lucia D\u2019Anna (gi\u00e0 violoncellista [&hellip;]","protected":false},"author":1,"featured_media":0,"comment_status":"","ping_status":"","sticky":false,"template":"","format":"standard","meta":{"footnotes":""},"categories":[20],"tags":[32,6],"class_list":["post-59056","post","type-post","status-publish","format-standard","hentry","category-retediplomatica","tag-diplomazia-culturale","tag-mediterraneo-e-medio-oriente"],"_links":{"self":[{"href":"https:\/\/www.esteri.it\/it\/wp-json\/wp\/v2\/posts\/59056","targetHints":{"allow":["GET"]}}],"collection":[{"href":"https:\/\/www.esteri.it\/it\/wp-json\/wp\/v2\/posts"}],"about":[{"href":"https:\/\/www.esteri.it\/it\/wp-json\/wp\/v2\/types\/post"}],"author":[{"embeddable":true,"href":"https:\/\/www.esteri.it\/it\/wp-json\/wp\/v2\/users\/1"}],"replies":[{"embeddable":true,"href":"https:\/\/www.esteri.it\/it\/wp-json\/wp\/v2\/comments?post=59056"}],"version-history":[{"count":0,"href":"https:\/\/www.esteri.it\/it\/wp-json\/wp\/v2\/posts\/59056\/revisions"}],"wp:attachment":[{"href":"https:\/\/www.esteri.it\/it\/wp-json\/wp\/v2\/media?parent=59056"}],"wp:term":[{"taxonomy":"category","embeddable":true,"href":"https:\/\/www.esteri.it\/it\/wp-json\/wp\/v2\/categories?post=59056"},{"taxonomy":"post_tag","embeddable":true,"href":"https:\/\/www.esteri.it\/it\/wp-json\/wp\/v2\/tags?post=59056"}],"curies":[{"name":"wp","href":"https:\/\/api.w.org\/{rel}","templated":true}]}}