{"id":59057,"date":"2020-10-07T12:19:45","date_gmt":"2020-10-07T10:19:45","guid":{"rendered":"https:\/\/www.esteri.it\/sala_stampa\/archivionotizie\/comunicati\/2020\/10\/turchia-la-mostra-omaggio-a-leonardo-da-vinci\/"},"modified":"2020-10-07T12:19:45","modified_gmt":"2020-10-07T10:19:45","slug":"turchia-la-mostra-omaggio-a-leonardo-da-vinci","status":"publish","type":"post","link":"https:\/\/www.esteri.it\/it\/sala_stampa\/archivionotizie\/retediplomatica\/2020\/10\/turchia-la-mostra-omaggio-a-leonardo-da-vinci\/","title":{"rendered":"Turchia, la mostra &#8220;Omaggio a Leonardo da Vinci&#8221;"},"content":{"rendered":"<p>Anche la Turchia ha partecipato alle celebrazioni per il 500\u00b0 anniversario della morte di Leonardo con la mostra <i>Omaggio a Leonardo da Vinci<\/i>, risultato di un progetto ideato dal pittore turco Onay Akba\u015f, curato da \u0130brahim Karao\u011flu e coordinato da Emre Sefer, iniziato nel 2019 proprio in occasione dei 500 anni dalla morte del \u201cgenio gentile\u201d.<\/p>\n<p>Il progetto \u00e8 iniziato con il viaggio di un gruppo di famosi artisti turchi di varie discipline nella citt\u00e0 di Amboise, dove Leonardo ha vissuto gli ultimi tre anni della sua vita.<br \/> Le opere in mostra sono tutte realizzate a seguito di questo viaggio, che mirava a seguire le tracce del grande artista nella sua casa, nel suo giardino, nell\u2019atelier e nel museo a lui dedicato, e sono espressioni artistiche delle osservazioni e dei sentimenti di ciascun artista tradotti in pittura, scultura, narrazione, poema o documentario.<\/p>\n<p>La mostra &#8211; gi\u00e0 esposta nei mesi scorsi in alcune citt\u00e0 del Paese quali Istanbul, Izmir e Bodrum &#8211; nella sua attuale tappa di Ankara si unisce alla mostra <i>Leonardo \u2013 il genio gentil<\/i>e, a cura dell\u2019Amb. Stefano Baldi, formata da pannelli esplicativi sui molteplici aspetti dell\u2019arte del grande artista.<\/p>\n<p>La mostra <i>Omaggio a Leonardo da Vinci<\/i>, organizzata grazie alla decennale e fattiva collaborazione tra l\u2019Ambasciata d\u2019Italia in Turchia e la Municipalit\u00e0 di \u00c7ankaya, accoglier\u00e0 i visitatori nel Centro delle Arti Contemporanee Do\u011fan Ta\u015fdelen fino al 1 novembre, con le necessarie misure sanitarie e di sicurezza.<\/p>\n<p>Nell\u2019ambito della mostra saranno esposte, nell\u2019intero centro delle arte contemporanee, le pitture e sculture di grande scala di artisti famosi turchi quali Devrim Erbil, Ergin \u0130nan, T\u00fclin Onat, Yal\u00e7\u0131n G\u00f6k\u00e7eba\u011f, Fevzi Karako\u00e7, Bedri Baykam, Onay Akba\u015f, Cem Sa\u011fbil, Mercan Dede (Ark\u0131n Il\u0131cal\u0131), Bar\u0131\u015f Sar\u0131ba\u015f, Bahar Organer, Bur\u00e7in Erdi, accompagnate dalla proiezione del documentario <i>Leonardo da Vinci<\/i> a cura del regista Durmu\u015f Akbulut che illustra le attivit\u00e0 svolte dai partecipanti del progetto nella sala di video arte durante il periodo espositivo.<\/p>\n<p>\u00a0<\/p>\n<p><img decoding=\"async\" src=\"https:\/\/www.esteri.it\/mae\/resource\/img\/2020\/10\/locandina.jpg\" alt=\"locandina\" style=\"display: block; margin-left: auto; margin-right: auto;\" \/><\/p>\n","protected":false},"excerpt":{"rendered":"Anche la Turchia ha partecipato alle celebrazioni per il 500\u00b0 anniversario della morte di Leonardo con la mostra Omaggio a Leonardo da Vinci, risultato di un progetto ideato dal pittore turco Onay Akba\u015f, curato da \u0130brahim Karao\u011flu e coordinato da Emre Sefer, iniziato nel 2019 proprio in occasione dei 500 anni dalla morte del \u201cgenio [&hellip;]","protected":false},"author":1,"featured_media":0,"comment_status":"","ping_status":"","sticky":false,"template":"","format":"standard","meta":{"footnotes":""},"categories":[20],"tags":[32,6],"class_list":["post-59057","post","type-post","status-publish","format-standard","hentry","category-retediplomatica","tag-diplomazia-culturale","tag-mediterraneo-e-medio-oriente"],"_links":{"self":[{"href":"https:\/\/www.esteri.it\/it\/wp-json\/wp\/v2\/posts\/59057","targetHints":{"allow":["GET"]}}],"collection":[{"href":"https:\/\/www.esteri.it\/it\/wp-json\/wp\/v2\/posts"}],"about":[{"href":"https:\/\/www.esteri.it\/it\/wp-json\/wp\/v2\/types\/post"}],"author":[{"embeddable":true,"href":"https:\/\/www.esteri.it\/it\/wp-json\/wp\/v2\/users\/1"}],"replies":[{"embeddable":true,"href":"https:\/\/www.esteri.it\/it\/wp-json\/wp\/v2\/comments?post=59057"}],"version-history":[{"count":0,"href":"https:\/\/www.esteri.it\/it\/wp-json\/wp\/v2\/posts\/59057\/revisions"}],"wp:attachment":[{"href":"https:\/\/www.esteri.it\/it\/wp-json\/wp\/v2\/media?parent=59057"}],"wp:term":[{"taxonomy":"category","embeddable":true,"href":"https:\/\/www.esteri.it\/it\/wp-json\/wp\/v2\/categories?post=59057"},{"taxonomy":"post_tag","embeddable":true,"href":"https:\/\/www.esteri.it\/it\/wp-json\/wp\/v2\/tags?post=59057"}],"curies":[{"name":"wp","href":"https:\/\/api.w.org\/{rel}","templated":true}]}}