{"id":59074,"date":"2020-10-01T11:05:27","date_gmt":"2020-10-01T09:05:27","guid":{"rendered":"https:\/\/www.esteri.it\/sala_stampa\/archivionotizie\/comunicati\/2020\/10\/iic-bratislava-un-incontro-su-federico-fellini\/"},"modified":"2020-10-01T11:05:27","modified_gmt":"2020-10-01T09:05:27","slug":"iic-bratislava-un-incontro-su-federico-fellini","status":"publish","type":"post","link":"https:\/\/www.esteri.it\/it\/sala_stampa\/archivionotizie\/retediplomatica\/2020\/10\/iic-bratislava-un-incontro-su-federico-fellini\/","title":{"rendered":"IIC Bratislava: un incontro su Federico Fellini"},"content":{"rendered":"<p>L\u2019Istituto Italiano di Cultura di Bratislava organizza un incontro sul percorso artistico di Federico Fellini, che si terr\u00e0 domani alle 17 al\u00a0Museo Nazionale Slovacco di Bratislava (Slovensk\u00e9 n\u00e1rodn\u00e9 m\u00fazeum)\u00a0e sar\u00e0 visibile in diretta streaming sulla pagina Facebook dell\u2019Istituto.<\/p>\n<p>\u00a0Partendo dalla mostra \u201cFellini e la Dolce Italia\u201d visibile al Museo Nazionale Slovacco di Bratislava fino al 29 novembre 2020, negli stessi spazi, circondati da manifesti cinematografici originali e opere d\u2019arte collegate a Fellini e agli anni d\u2019oro del cinema della Dolce vita, alcuni esperti e appassionati del grande schermo parleranno di Fellini e di altri registi italiani \u2013 come Vittorio De Sica, Luchino Visconti, Paolo Pasolini, Marco Bellocchio, Mario Monicelli, Michelangelo Antonioni e altri \u2013 che dalla fine degli anni \u201950 e durante gli anni \u201960 stavano creando delle pellicole, simbolo di un epoca indimenticabile che avrebbero influenzato non solo il cinema mondiale, ma anche altri aspetti della vita e della cultura.<\/p>\n<p>Fellini, principale argomento di questo incontro, durante la sua carriera ha inventato un immaginario sospeso tra sogno e realt\u00e0, tra desideri e ossessioni, reinterpretando la provincia romagnola, dove era nato, arrivando ad un realismo fatto d\u2019incanto che ha reso tutta la sua produzione un classico del cinema.<\/p>\n<p>Questo percorso artistico lo ha portato ad ottenere ben cinque premi Oscar per\u00a0<i>La strada<\/i>,\u00a0<i>Le notti di Cabiria<\/i>,\u00a0<i>8 \u00bd<\/i>,\u00a0<i>Amarcord<\/i>\u00a0e, nel 1993, anche uno alla carriera. L\u2019ultimo premio verr\u00e0 ritirato a Los Angeles con un sentito discorso di ringraziamento davanti all\u2019Academy mostrando tutto l\u2019amore e la devozione nei confronti della moglie Giulietta Masina.<\/p>\n<p>L\u2019evento si tiene nell\u2019anno in cui viene festeggiato il 100\u00b0 anniversario della nascita di Federico Fellini.<\/p>\n<p>\u00a0<\/p>\n<p><img loading=\"lazy\" decoding=\"async\" width=\"600\" height=\"399\" style=\"margin-right: auto; margin-left: auto; display: block;\" alt=\"fellini zilina-1\" src=\"https:\/\/www.esteri.it\/mae\/resource\/img\/2020\/10\/fellini_zilina-1.jpg\" \/><\/p>\n<p>\u00a0<\/p>\n<p>Relatori:<\/p>\n<p><strong>Paolo Speranza<\/strong>, storico del cinema, Direttore della storica rivista \u201cQuaderni di Cinemasud\u201d, collabora a periodici nazionali e riviste culturali europee. Ha scritto e curato volumi di cultura cinematografica, storia contemporanea, letteratura meridionalista, tra cui \u201cOperai neri di sogni \u2013 il lavoro, le lotte, le utopie negli scrittori irpini del \u2018900\u201d, \u201cUn\u2019avventura neorealista. Il film\u201d, \u201cLa Rossa Montella. Storie, protagonisti, documenti di una tradizione politica e culturale\u201d,\u201cUna corsa da leggenda. Il giro d\u2019Italia in Irpinia\u201d e \u201cPoeti al confino\u201d.<\/p>\n<p><strong>Tiziana D\u2019Amico<\/strong>, docente di lingua e letteratura ceca all\u2019Universit\u00e0 Ca\u2019 Foscari di Venezia, si occupa di traduzione audiovisiva dallo slovacco e dal ceco, ha collaborato come traduttrice con il Liter\u00e1rne informa\u010dn\u00e9 centrum (Centro di informazione letteraria) di Bratislava e lo Slovensk\u00fd filmov\u00fd \u00fastav (Istituto cinematografico slovacco). Scrive inoltre per varie riviste cinematografiche tra cui \u00abKino-Ikon\u00bb e \u00abQuaderni di Cinemasud\u00bb.<\/p>\n<p><strong>Enrico Minisini<\/strong>, collezionista e conoscitore di cinema italiano e internazionale \u00e8 il fondatore dell\u2019Archivio Minisini di Cividale del Friuli, composto da decine di migliaia di materiali originali su carta, collegati alla promozione di film italiani, in particolare degli anni \u201950, \u201860 e \u201970. L\u2019Archivio collabora da anni con istituzioni e musei per la realizzazione di eventi, tra questi si ricorda anche un\u2019esposizione tenuta a Miliano in occasione dell\u2019Expo 2015.<\/p>\n","protected":false},"excerpt":{"rendered":"L\u2019Istituto Italiano di Cultura di Bratislava organizza un incontro sul percorso artistico di Federico Fellini, che si terr\u00e0 domani alle 17 al\u00a0Museo Nazionale Slovacco di Bratislava (Slovensk\u00e9 n\u00e1rodn\u00e9 m\u00fazeum)\u00a0e sar\u00e0 visibile in diretta streaming sulla pagina Facebook dell\u2019Istituto. \u00a0Partendo dalla mostra \u201cFellini e la Dolce Italia\u201d visibile al Museo Nazionale Slovacco di Bratislava fino al [&hellip;]","protected":false},"author":1,"featured_media":0,"comment_status":"","ping_status":"","sticky":false,"template":"","format":"standard","meta":{"footnotes":""},"categories":[20],"tags":[32,9],"class_list":["post-59074","post","type-post","status-publish","format-standard","hentry","category-retediplomatica","tag-diplomazia-culturale","tag-europa"],"_links":{"self":[{"href":"https:\/\/www.esteri.it\/it\/wp-json\/wp\/v2\/posts\/59074","targetHints":{"allow":["GET"]}}],"collection":[{"href":"https:\/\/www.esteri.it\/it\/wp-json\/wp\/v2\/posts"}],"about":[{"href":"https:\/\/www.esteri.it\/it\/wp-json\/wp\/v2\/types\/post"}],"author":[{"embeddable":true,"href":"https:\/\/www.esteri.it\/it\/wp-json\/wp\/v2\/users\/1"}],"replies":[{"embeddable":true,"href":"https:\/\/www.esteri.it\/it\/wp-json\/wp\/v2\/comments?post=59074"}],"version-history":[{"count":0,"href":"https:\/\/www.esteri.it\/it\/wp-json\/wp\/v2\/posts\/59074\/revisions"}],"wp:attachment":[{"href":"https:\/\/www.esteri.it\/it\/wp-json\/wp\/v2\/media?parent=59074"}],"wp:term":[{"taxonomy":"category","embeddable":true,"href":"https:\/\/www.esteri.it\/it\/wp-json\/wp\/v2\/categories?post=59074"},{"taxonomy":"post_tag","embeddable":true,"href":"https:\/\/www.esteri.it\/it\/wp-json\/wp\/v2\/tags?post=59074"}],"curies":[{"name":"wp","href":"https:\/\/api.w.org\/{rel}","templated":true}]}}