{"id":59079,"date":"2020-09-29T16:50:47","date_gmt":"2020-09-29T14:50:47","guid":{"rendered":"https:\/\/www.esteri.it\/sala_stampa\/archivionotizie\/comunicati\/2020\/09\/iic-bruxelles-la-mostra-piranese-d-apres-benoit-bo\/"},"modified":"2020-09-29T16:50:47","modified_gmt":"2020-09-29T14:50:47","slug":"iic-bruxelles-la-mostra-piranese-d-apres-benoit-bo","status":"publish","type":"post","link":"https:\/\/www.esteri.it\/it\/sala_stampa\/archivionotizie\/retediplomatica\/2020\/09\/iic-bruxelles-la-mostra-piranese-d-apres-benoit-bo\/","title":{"rendered":"IIC Bruxelles: la mostra &#8220;Piran\u00e8se d&#8217;apr\u00e8s Benoit + Bo&#8221;"},"content":{"rendered":"<p>In occasione del 300\u00b0 anniversario della nascita del grande maestro Giovanni Battista Piranesi (Mogliano Veneto 1720 \u2013 Roma 1778) l\u2019Istituto Italiano di Cultura di Bruxelles presenta l\u2019esposizione \u201cPiran\u00e8se d&#8217;apr\u00e8s Benoit + Bo\u201d degli artisti franco-cinesi\u00a0<strong>Benoit + Bo<\/strong>.<\/p>\n<p>La mostra \u00e8 composta da una ventina di opere create durante il lungo periodo di isolamento, con le quali gli artisti esprimono quello che ha significato per loro questo periodo, in quanto testimoni di un\u2019epidemia che ha colpito il mondo intero e in particolar modo le persone fragili, gli esclusi, gli indifesi e coloro ai quali non \u00e8 garantita la libert\u00e0.<\/p>\n<p>Queste opere esprimono anche il desiderio di viaggiare, attraverso le diverse culture cittadine percorrendo epoche, paesi, discipline e stili diversi. Risultato: una serie di immagini ricche di riferimenti a Piranesi combinate al loro linguaggio plastico. Questo lavoro, a prima vista piuttosto ibrido, una volta decifrato ci orienta verso nuove interpretazioni della nostra epoca.<\/p>\n<p><img loading=\"lazy\" decoding=\"async\" src=\"https:\/\/www.esteri.it\/mae\/resource\/img\/2020\/09\/iicbruxelles_mostra_piranese.jpg\" width=\"500\" height=\"688\" alt=\"iicbruxelles mostra piranese\" style=\"display: block; margin-left: auto; margin-right: auto;\" \/><\/p>\n<p>Come Piranesi, Benoit + Bo giocano con i codici stilistici della storia dell\u2019arte del nostro continente e dell\u2019Asia, costruendo cos\u00ec nei loro dipinti e fotografie un linguaggio formale carico di riferimenti. Questi simboli assumono via via dei tratti pi\u00f9 \u201cgrafici\u201d e ricordano le insegne luminose delle nostre citt\u00e0. Soli, arcobaleni, incensi a spirale, costruzioni di immobili, rocce dei letterati, fiori di loto si trovano accanto alle sculture del Laocoonte, le statue equestri, i vasi urne e anfore\u2026 Come in un gioco di costruzione intellettuale, gli artisti, in questa nuova serie di immagini, creano uno stile a due voci: la loro in armonia con quella di Piranesi.<\/p>\n<p><strong>Benoit + Bo<\/strong>\u00a0sono una vera e propria collaborazione internazionale, il frutto di due culture, due sensibilit\u00e0 e due passati. Benoit \u00e8 francese mentre Bo \u00e8 cinese. Il loro palcoscenico \u00e8 il mondo: si sono incontrati a Tientsin, hanno vissuto a Parigi, hanno aperto uno studio a Shanghai e nel 2015 si sono trasferiti a Bruxelles. Benoit + Bo hanno esposto in musei e gallerie in Francia, Belgio, Italia, Spagna, Corea, a Hong Kong e in Australia.<\/p>\n<p>La mostra \u00e8 visitabile fino al 18 ottobre 2020. Per maggiori informazioni e per \u00a0prenotare la visita\u00a0cliccare\u00a0<a href=\"https:\/\/iicbruxelles.esteri.it\/iic_bruxelles\/it\/gli_eventi\/calendario\/2020\/09\/vernissage-della-mostra-piranese.html\">qui<\/a>.\u00a0<\/p>\n<p>\u00a0<\/p>\n","protected":false},"excerpt":{"rendered":"In occasione del 300\u00b0 anniversario della nascita del grande maestro Giovanni Battista Piranesi (Mogliano Veneto 1720 \u2013 Roma 1778) l\u2019Istituto Italiano di Cultura di Bruxelles presenta l\u2019esposizione \u201cPiran\u00e8se d&#8217;apr\u00e8s Benoit + Bo\u201d degli artisti franco-cinesi\u00a0Benoit + Bo. La mostra \u00e8 composta da una ventina di opere create durante il lungo periodo di isolamento, con le [&hellip;]","protected":false},"author":1,"featured_media":0,"comment_status":"","ping_status":"","sticky":false,"template":"","format":"standard","meta":{"footnotes":""},"categories":[20],"tags":[32,9],"class_list":["post-59079","post","type-post","status-publish","format-standard","hentry","category-retediplomatica","tag-diplomazia-culturale","tag-europa"],"_links":{"self":[{"href":"https:\/\/www.esteri.it\/it\/wp-json\/wp\/v2\/posts\/59079","targetHints":{"allow":["GET"]}}],"collection":[{"href":"https:\/\/www.esteri.it\/it\/wp-json\/wp\/v2\/posts"}],"about":[{"href":"https:\/\/www.esteri.it\/it\/wp-json\/wp\/v2\/types\/post"}],"author":[{"embeddable":true,"href":"https:\/\/www.esteri.it\/it\/wp-json\/wp\/v2\/users\/1"}],"replies":[{"embeddable":true,"href":"https:\/\/www.esteri.it\/it\/wp-json\/wp\/v2\/comments?post=59079"}],"version-history":[{"count":0,"href":"https:\/\/www.esteri.it\/it\/wp-json\/wp\/v2\/posts\/59079\/revisions"}],"wp:attachment":[{"href":"https:\/\/www.esteri.it\/it\/wp-json\/wp\/v2\/media?parent=59079"}],"wp:term":[{"taxonomy":"category","embeddable":true,"href":"https:\/\/www.esteri.it\/it\/wp-json\/wp\/v2\/categories?post=59079"},{"taxonomy":"post_tag","embeddable":true,"href":"https:\/\/www.esteri.it\/it\/wp-json\/wp\/v2\/tags?post=59079"}],"curies":[{"name":"wp","href":"https:\/\/api.w.org\/{rel}","templated":true}]}}