{"id":59080,"date":"2020-09-29T12:09:09","date_gmt":"2020-09-29T10:09:09","guid":{"rendered":"https:\/\/www.esteri.it\/sala_stampa\/archivionotizie\/comunicati\/2020\/09\/iic-parigi-la-mostra-paolo-scheggi-al-di-la-della-tela\/"},"modified":"2020-09-29T12:09:09","modified_gmt":"2020-09-29T10:09:09","slug":"iic-parigi-la-mostra-paolo-scheggi-al-di-la-della-tela","status":"publish","type":"post","link":"https:\/\/www.esteri.it\/it\/sala_stampa\/archivionotizie\/retediplomatica\/2020\/09\/iic-parigi-la-mostra-paolo-scheggi-al-di-la-della-tela\/","title":{"rendered":"IIC Parigi: la mostra &#8220;Paolo Scheggi. Al di l\u00e0 della tela&#8221;"},"content":{"rendered":"<p>L\u2019Istituto Italiano di Cultura di Parigi presenta la mostra\u00a0<i>Paolo Scheggi. Al di l\u00e0 della tela<\/i>, visitabile presso la sede dell\u2019Istituto dal 1 ottobre.\u00a0<\/p>\n<p>Scheggi, protagonista della neo avanguardia italiana degli anni &#8217;60, affonda le radici della sua ricerca artistica nel Rinascimento fiorentino, evolve nel clima dello spazialismo di Lucio Fontana e si impregna della cultura fenomenologica ed esistenzialista francese. Le sue opere sono presenti nelle principali collezioni pubbliche italiane ed internazionali, fra cui la collezione Peggy Guggenheim a Venezia e la Galleria Nazionale d&#8217;Arte Moderna di Roma.<\/p>\n<p><i>Paolo Scheggi. Al di l\u00e0 della tela<\/i>, organizzata in collaborazione con Tornabuoni Art e l&#8217;Archivio Paolo Scheggi, \u00e8 la prima mostra francese dedicata all\u2019artista dalla sua partecipazione nel 1967 alla V Biennale de Paris. Attraverso la selezione di\u00a0<i>Zone riflesse<\/i>\u00a0e\u00a0<i>Intersuperfici\u00a0<\/i>bianche, blu e rosse, l&#8217;esposizione racconta la sua avventura creativa e umana.<\/p>\n<p>All&#8217;inaugurazione della mostra, gioved\u00ec 1 ottobre alle 18.30, saranno presenti Chiara Parisi, direttrice del Centre Pompidou Metz e Michele Casamonti di Tornabuoni Arte, e si collegheranno in video Luca Massimo Barbero, autore del catalogo ragionato dell&#8217;artista, Massimiliano Gioni, critico d&#8217;arte e curatore, Ilaria Bignotti, coordinatrice scientifica dell&#8217;Archivio Paolo Scheggi e Cosima Scheggi, Presidente dell&#8217;Archivio Paolo Scheggi.<\/p>\n<p>La mostra \u00e8 visitabile fino al 30 ottobre dal luned\u00ec al venerd\u00ec, dalle 10:00 alle 13:00 e dalle 15:00 alle 18:00.<\/p>\n<p>Per partecipare all\u2019inaugurazione dell\u2019esposizione, prenotarsi\u00a0<a href=\"https:\/\/iicparigi.esteri.it\/iic_parigi\/it\/gli_eventi\/calendario\/2020\/10\/expo-vernissage-paolo-scheggi-au.html?modulo=1\">qui<\/a>.<\/p>\n<p>\u00a0<\/p>\n<p><img loading=\"lazy\" decoding=\"async\" src=\"https:\/\/www.esteri.it\/mae\/resource\/img\/2020\/09\/iicparigi.jpg\" width=\"600\" height=\"1211\" alt=\"iicparigi\" style=\"display: block; margin-left: auto; margin-right: auto;\" \/><\/p>\n<p>\u00a0<\/p>\n<p>\u00a0<\/p>\n","protected":false},"excerpt":{"rendered":"L\u2019Istituto Italiano di Cultura di Parigi presenta la mostra\u00a0Paolo Scheggi. Al di l\u00e0 della tela, visitabile presso la sede dell\u2019Istituto dal 1 ottobre.\u00a0 Scheggi, protagonista della neo avanguardia italiana degli anni &#8217;60, affonda le radici della sua ricerca artistica nel Rinascimento fiorentino, evolve nel clima dello spazialismo di Lucio Fontana e si impregna della cultura [&hellip;]","protected":false},"author":1,"featured_media":0,"comment_status":"","ping_status":"","sticky":false,"template":"","format":"standard","meta":{"footnotes":""},"categories":[20],"tags":[32,9],"class_list":["post-59080","post","type-post","status-publish","format-standard","hentry","category-retediplomatica","tag-diplomazia-culturale","tag-europa"],"_links":{"self":[{"href":"https:\/\/www.esteri.it\/it\/wp-json\/wp\/v2\/posts\/59080","targetHints":{"allow":["GET"]}}],"collection":[{"href":"https:\/\/www.esteri.it\/it\/wp-json\/wp\/v2\/posts"}],"about":[{"href":"https:\/\/www.esteri.it\/it\/wp-json\/wp\/v2\/types\/post"}],"author":[{"embeddable":true,"href":"https:\/\/www.esteri.it\/it\/wp-json\/wp\/v2\/users\/1"}],"replies":[{"embeddable":true,"href":"https:\/\/www.esteri.it\/it\/wp-json\/wp\/v2\/comments?post=59080"}],"version-history":[{"count":0,"href":"https:\/\/www.esteri.it\/it\/wp-json\/wp\/v2\/posts\/59080\/revisions"}],"wp:attachment":[{"href":"https:\/\/www.esteri.it\/it\/wp-json\/wp\/v2\/media?parent=59080"}],"wp:term":[{"taxonomy":"category","embeddable":true,"href":"https:\/\/www.esteri.it\/it\/wp-json\/wp\/v2\/categories?post=59080"},{"taxonomy":"post_tag","embeddable":true,"href":"https:\/\/www.esteri.it\/it\/wp-json\/wp\/v2\/tags?post=59080"}],"curies":[{"name":"wp","href":"https:\/\/api.w.org\/{rel}","templated":true}]}}